{"id":8657,"date":"2025-03-20T16:02:32","date_gmt":"2025-03-20T19:02:32","guid":{"rendered":"https:\/\/www.siemaco-grs.com.br\/wp\/?p=8657"},"modified":"2025-02-12T16:04:59","modified_gmt":"2025-02-12T19:04:59","slug":"o-poder-transformador-das-greves-conquistas-e-avancos-para-os-trabalhadores","status":"publish","type":"post","link":"https:\/\/www.siemaco-grs.com.br\/wp\/2025\/03\/20\/o-poder-transformador-das-greves-conquistas-e-avancos-para-os-trabalhadores\/","title":{"rendered":"O Poder Transformador das Greves: Conquistas e Avan\u00e7os para os Trabalhadores"},"content":{"rendered":"\n<p id=\"ember3136\">Uma greve j\u00e1 atrapalhou seu dia? Certamente, todos n\u00f3s j\u00e1 passamos por situa\u00e7\u00f5es em que uma greve afetou diretamente nossa rotina, causando transtornos e imprevistos. Seja na falta de transporte p\u00fablico, na interrup\u00e7\u00e3o de servi\u00e7os essenciais ou no desabastecimento de produtos, os impactos de uma greve s\u00e3o sentidos por toda a sociedade. Mas voc\u00ea j\u00e1 parou para pensar como as greves surgiram e quais s\u00e3o os direitos conquistados atrav\u00e9s delas?<\/p>\n\n\n\n<p id=\"ember3137\">As greves t\u00eam uma longa hist\u00f3ria e s\u00e3o uma forma de protesto e reivindica\u00e7\u00e3o dos trabalhadores. Elas surgiram como uma resposta \u00e0s condi\u00e7\u00f5es de trabalho prec\u00e1rias, explora\u00e7\u00e3o e desigualdades enfrentadas pelos oper\u00e1rios nas primeiras f\u00e1bricas durante a Revolu\u00e7\u00e3o Industrial. Os trabalhadores, cansados de longas jornadas de trabalho, baixos sal\u00e1rios e falta de direitos b\u00e1sicos, uniram-se para lutar por melhorias em suas condi\u00e7\u00f5es de vida e trabalho.<\/p>\n\n\n\n<p id=\"ember3138\">Ao longo do tempo, as greves se tornaram um instrumento importante na conquista de direitos trabalhistas. Voc\u00ea sabia que alguns dos seus direitos trabalhistas foram conquistados atrav\u00e9s de greves? A carteira de trabalho assinada, por exemplo, foi estabelecida pela Consolida\u00e7\u00e3o das Leis do Trabalho (CLT), criada em 1943, ap\u00f3s intensas mobiliza\u00e7\u00f5es oper\u00e1rias. Esse documento garante prote\u00e7\u00e3o ao trabalhador, regulamenta suas atividades, direitos e deveres na rela\u00e7\u00e3o empregado\/empregador, al\u00e9m de estabelecer limites de carga hor\u00e1ria, descanso remunerado, aux\u00edlios, benef\u00edcios, f\u00e9rias, 13\u00ba sal\u00e1rio e outros direitos fundamentais.<\/p>\n\n\n\n<p id=\"ember3139\">Outro direito conquistado atrav\u00e9s de greves \u00e9 o direito \u00e0 greve em si. A Constitui\u00e7\u00e3o Federal de 1988 assegura o direito dos trabalhadores de fazerem greve como forma de press\u00e3o e luta por melhorias e atendimento \u00e0s suas demandas. \u00c9 importante ressaltar que o trabalhador que participa de uma greve leg\u00edtima, organizada pelo sindicato representante da categoria, n\u00e3o pode sofrer puni\u00e7\u00f5es, como demiss\u00e3o ou qualquer forma de retalia\u00e7\u00e3o por exercer seu direito.<\/p>\n\n\n\n<p id=\"ember3140\">Apesar disso, muitas vezes as greves s\u00e3o vistas de forma negativa, causando desconforto e preju\u00edzos tempor\u00e1rios. No entanto, \u00e9 fundamental compreender que as greves s\u00e3o um exerc\u00edcio leg\u00edtimo dos direitos dos trabalhadores e uma forma de pressionar por melhores condi\u00e7\u00f5es de trabalho, sal\u00e1rios justos, seguran\u00e7a e dignidade. Elas t\u00eam o poder de trazer \u00e0 tona quest\u00f5es importantes e chamar a aten\u00e7\u00e3o para as necessidades e reivindica\u00e7\u00f5es das categorias profissionais.<\/p>\n\n\n\n<p id=\"ember3141\">Respeitar e apoiar as greves \u00e9 essencial para fortalecer os direitos dos trabalhadores e promover um ambiente laboral mais justo. \u00c9 importante reconhecer que, por tr\u00e1s de cada greve, h\u00e1 trabalhadores lutando por condi\u00e7\u00f5es melhores para si e para seus colegas. Ao apoiar as greves, estamos contribuindo para a valoriza\u00e7\u00e3o desses profissionais e para a constru\u00e7\u00e3o de uma sociedade mais justa e igualit\u00e1ria.<\/p>\n\n\n\n<p id=\"ember3142\">Portanto, da pr\u00f3xima vez que voc\u00ea se deparar diante de uma greve que cause algum transtorno em sua rotina, lembre-se de que aqueles trabalhadores est\u00e3o exercendo seu direito leg\u00edtimo de lutar por melhores condi\u00e7\u00f5es de trabalho e por seus direitos. O di\u00e1logo e a busca por solu\u00e7\u00f5es conjuntas s\u00e3o sempre desej\u00e1veis, mas as greves t\u00eam desempenhado um papel importante ao longo da hist\u00f3ria na conquista de direitos fundamentais.<\/p>\n\n\n\n<p id=\"ember3143\">Em vez de encarar as greves como meros obst\u00e1culos, podemos enxerg\u00e1-las como oportunidades de reflex\u00e3o sobre a import\u00e2ncia do respeito aos direitos trabalhistas e sobre a necessidade de uma maior valoriza\u00e7\u00e3o dos profissionais que movem nossa sociedade. Afinal, uma sociedade justa e equilibrada \u00e9 constru\u00edda com base no reconhecimento dos direitos dos trabalhadores e no apoio \u00e0s suas reivindica\u00e7\u00f5es leg\u00edtimas.<\/p>\n\n\n\n<p id=\"ember3144\">Dessa forma, ao compreendermos o contexto hist\u00f3rico e as conquistas alcan\u00e7adas atrav\u00e9s das greves, estaremos mais conscientes da import\u00e2ncia de respeitar e apoiar essas manifesta\u00e7\u00f5es como uma forma leg\u00edtima de luta por direitos e melhorias nas condi\u00e7\u00f5es de trabalho. A valoriza\u00e7\u00e3o dos trabalhadores e o fortalecimento dos direitos laborais s\u00e3o fundamentais para a constru\u00e7\u00e3o de uma sociedade mais justa, igualit\u00e1ria e solid\u00e1ria.<\/p>\n\n\n\n<p id=\"ember3145\">Portanto, diante de uma greve, \u00e9 essencial exercer a empatia e compreender que aqueles trabalhadores est\u00e3o em busca de melhores condi\u00e7\u00f5es de vida e trabalho, e que seus esfor\u00e7os podem resultar em avan\u00e7os para toda a sociedade. Afinal, a luta por direitos e justi\u00e7a n\u00e3o \u00e9 apenas responsabilidade dos trabalhadores, mas de todos n\u00f3s, que compomos essa sociedade em constante transforma\u00e7\u00e3o.<\/p>\n\n\n\n<p id=\"ember3146\">As greves s\u00e3o uma express\u00e3o leg\u00edtima do exerc\u00edcio dos direitos dos trabalhadores e um meio de buscar melhores condi\u00e7\u00f5es de vida e trabalho. Apoiar essas manifesta\u00e7\u00f5es, compreender sua import\u00e2ncia hist\u00f3rica e valorizar os profissionais que lutam por seus direitos s\u00e3o atitudes que contribuem para uma sociedade mais justa e equitativa. Respeitar as greves \u00e9 respeitar o direito dos trabalhadores de lutar por uma vida digna e por um ambiente de trabalho mais humano e justo.<\/p>\n","protected":false},"excerpt":{"rendered":"<p>Uma greve j\u00e1 atrapalhou seu dia? Certamente, todos n\u00f3s j\u00e1 passamos por situa\u00e7\u00f5es em que uma greve afetou diretamente nossa rotina, causando transtornos e&hellip;<\/p>\n","protected":false},"author":38,"featured_media":8658,"comment_status":"closed","ping_status":"closed","sticky":false,"template":"","format":"standard","meta":{"footnotes":""},"categories":[75],"tags":[],"class_list":["post-8657","post","type-post","status-publish","format-standard","has-post-thumbnail","hentry","category-fala-do-presidente"],"blog_post_layout_featured_media_urls":{"thumbnail":["https:\/\/www.siemaco-grs.com.br\/wp\/wp-content\/uploads\/2025\/02\/1688650256871-150x150.jpg",150,150,true],"full":["https:\/\/www.siemaco-grs.com.br\/wp\/wp-content\/uploads\/2025\/02\/1688650256871.jpg",291,173,false]},"categories_names":{"75":{"name":"Fala do Presidente","link":"https:\/\/www.siemaco-grs.com.br\/wp\/category\/fala-do-presidente\/"}},"tags_names":[],"comments_number":"0","wpmagazine_modules_lite_featured_media_urls":{"thumbnail":["https:\/\/www.siemaco-grs.com.br\/wp\/wp-content\/uploads\/2025\/02\/1688650256871-150x150.jpg",150,150,true],"cvmm-medium":["https:\/\/www.siemaco-grs.com.br\/wp\/wp-content\/uploads\/2025\/02\/1688650256871.jpg",291,173,false],"cvmm-medium-plus":["https:\/\/www.siemaco-grs.com.br\/wp\/wp-content\/uploads\/2025\/02\/1688650256871.jpg",291,173,false],"cvmm-portrait":["https:\/\/www.siemaco-grs.com.br\/wp\/wp-content\/uploads\/2025\/02\/1688650256871.jpg",291,173,false],"cvmm-medium-square":["https:\/\/www.siemaco-grs.com.br\/wp\/wp-content\/uploads\/2025\/02\/1688650256871.jpg",291,173,false],"cvmm-large":["https:\/\/www.siemaco-grs.com.br\/wp\/wp-content\/uploads\/2025\/02\/1688650256871.jpg",291,173,false],"cvmm-small":["https:\/\/www.siemaco-grs.com.br\/wp\/wp-content\/uploads\/2025\/02\/1688650256871-130x95.jpg",130,95,true],"full":["https:\/\/www.siemaco-grs.com.br\/wp\/wp-content\/uploads\/2025\/02\/1688650256871.jpg",291,173,false]},"_links":{"self":[{"href":"https:\/\/www.siemaco-grs.com.br\/wp\/wp-json\/wp\/v2\/posts\/8657","targetHints":{"allow":["GET"]}}],"collection":[{"href":"https:\/\/www.siemaco-grs.com.br\/wp\/wp-json\/wp\/v2\/posts"}],"about":[{"href":"https:\/\/www.siemaco-grs.com.br\/wp\/wp-json\/wp\/v2\/types\/post"}],"author":[{"embeddable":true,"href":"https:\/\/www.siemaco-grs.com.br\/wp\/wp-json\/wp\/v2\/users\/38"}],"replies":[{"embeddable":true,"href":"https:\/\/www.siemaco-grs.com.br\/wp\/wp-json\/wp\/v2\/comments?post=8657"}],"version-history":[{"count":1,"href":"https:\/\/www.siemaco-grs.com.br\/wp\/wp-json\/wp\/v2\/posts\/8657\/revisions"}],"predecessor-version":[{"id":8659,"href":"https:\/\/www.siemaco-grs.com.br\/wp\/wp-json\/wp\/v2\/posts\/8657\/revisions\/8659"}],"wp:featuredmedia":[{"embeddable":true,"href":"https:\/\/www.siemaco-grs.com.br\/wp\/wp-json\/wp\/v2\/media\/8658"}],"wp:attachment":[{"href":"https:\/\/www.siemaco-grs.com.br\/wp\/wp-json\/wp\/v2\/media?parent=8657"}],"wp:term":[{"taxonomy":"category","embeddable":true,"href":"https:\/\/www.siemaco-grs.com.br\/wp\/wp-json\/wp\/v2\/categories?post=8657"},{"taxonomy":"post_tag","embeddable":true,"href":"https:\/\/www.siemaco-grs.com.br\/wp\/wp-json\/wp\/v2\/tags?post=8657"}],"curies":[{"name":"wp","href":"https:\/\/api.w.org\/{rel}","templated":true}]}}