{"id":8633,"date":"2025-02-20T08:00:00","date_gmt":"2025-02-20T11:00:00","guid":{"rendered":"https:\/\/www.siemaco-grs.com.br\/wp\/?p=8633"},"modified":"2025-02-12T15:44:00","modified_gmt":"2025-02-12T18:44:00","slug":"trabalhadores-de-aplicativo-a-luta-por-direitos-e-condicoes-dignas-de-trabalho-2","status":"publish","type":"post","link":"https:\/\/www.siemaco-grs.com.br\/wp\/2025\/02\/20\/trabalhadores-de-aplicativo-a-luta-por-direitos-e-condicoes-dignas-de-trabalho-2\/","title":{"rendered":"Trabalhadores de Aplicativo: A Luta por Direitos e Condi\u00e7\u00f5es dignas de Trabalho"},"content":{"rendered":"\n<figure class=\"wp-block-image size-full\"><img decoding=\"async\" width=\"1024\" height=\"1024\" src=\"https:\/\/www.siemaco-grs.com.br\/wp\/wp-content\/uploads\/2025\/02\/image.png\" alt=\"\" class=\"wp-image-8634\" srcset=\"https:\/\/www.siemaco-grs.com.br\/wp\/wp-content\/uploads\/2025\/02\/image.png 1024w, https:\/\/www.siemaco-grs.com.br\/wp\/wp-content\/uploads\/2025\/02\/image-300x300.png 300w, https:\/\/www.siemaco-grs.com.br\/wp\/wp-content\/uploads\/2025\/02\/image-150x150.png 150w, https:\/\/www.siemaco-grs.com.br\/wp\/wp-content\/uploads\/2025\/02\/image-768x768.png 768w, https:\/\/www.siemaco-grs.com.br\/wp\/wp-content\/uploads\/2025\/02\/image-600x600.png 600w, https:\/\/www.siemaco-grs.com.br\/wp\/wp-content\/uploads\/2025\/02\/image-585x585.png 585w\" sizes=\"(max-width: 1024px) 100vw, 1024px\" \/><\/figure>\n\n\n\n<p id=\"ember3205\">Quando utilizamos um aplicativo, pensamos nas condi\u00e7\u00f5es de trabalho do entregador, do Uber ou de outros profissionais? Geralmente, a resposta \u00e9 n\u00e3o. Muitas vezes, somos consumidores apressados, focados apenas em receber nosso pedido rapidamente, sem nos darmos conta dos desafios enfrentados por aqueles que garantem a entrega dos produtos que solicitamos com um simples toque na tela do nosso smartphone. No entanto, \u00e9 fundamental refletir sobre a import\u00e2ncia da organiza\u00e7\u00e3o dos trabalhadores de aplicativo e suas lutas por direitos, assim como os impactos dessas quest\u00f5es no subemprego e nas condi\u00e7\u00f5es de trabalho prec\u00e1rias enfrentadas por esses profissionais.<\/p>\n\n\n\n<p id=\"ember3206\">Os trabalhadores de aplicativo, como entregadores e motoristas de plataformas de transporte, tornaram-se pe\u00e7as essenciais no funcionamento da economia compartilhada. No entanto, apesar de seu papel crucial, eles t\u00eam enfrentado uma s\u00e9rie de desafios, como a falta de estabilidade, a aus\u00eancia de benef\u00edcios trabalhistas e a baixa remunera\u00e7\u00e3o. Para muitos, o trabalho em aplicativos representa uma forma de subemprego, em que s\u00e3o submetidos a longas jornadas, sem garantias m\u00ednimas de direitos trabalhistas.<\/p>\n\n\n\n<p id=\"ember3207\">Uma das principais quest\u00f5es que os trabalhadores de aplicativo enfrentam \u00e9 a aus\u00eancia de v\u00ednculo empregat\u00edcio com as empresas. Ao serem classificados como \u201cparceiros\u201d ou \u201ccolaboradores independentes\u201d, eles perdem a prote\u00e7\u00e3o oferecida pela legisla\u00e7\u00e3o trabalhista, ficando desprovidos de direitos b\u00e1sicos, como sal\u00e1rio m\u00ednimo, f\u00e9rias remuneradas, 13\u00ba sal\u00e1rio, seguro-desemprego e aposentadoria. Essa situa\u00e7\u00e3o prec\u00e1ria tem sido denunciada por organiza\u00e7\u00f5es e movimentos sociais que lutam pela valoriza\u00e7\u00e3o desses trabalhadores e pela melhoria de suas condi\u00e7\u00f5es de trabalho.<\/p>\n\n\n\n<p id=\"ember3208\">Dados alarmantes revelam a dimens\u00e3o do subemprego e das dificuldades enfrentadas pelos trabalhadores de aplicativo. Segundo estudos recentes, grande parte desses profissionais recebe menos que o sal\u00e1rio m\u00ednimo e n\u00e3o possui acesso a benef\u00edcios como plano de sa\u00fade e seguro contra acidentes de trabalho. Al\u00e9m disso, a jornada excessiva e a falta de descanso adequado contribuem para um aumento significativo de acidentes e problemas de sa\u00fade relacionados ao trabalho.<\/p>\n\n\n\n<p id=\"ember3209\">No entanto, h\u00e1 uma luz no fim do t\u00fanel. Os trabalhadores de aplicativo t\u00eam se organizado e buscado formas de reivindicar seus direitos. Movimentos como as greves e manifesta\u00e7\u00f5es t\u00eam ganhado for\u00e7a ao redor do mundo, com o objetivo de chamar a aten\u00e7\u00e3o da sociedade e das empresas para as condi\u00e7\u00f5es de trabalho injustas e desumanas. Essas a\u00e7\u00f5es s\u00e3o fundamentais para criar conscientiza\u00e7\u00e3o e pressionar por mudan\u00e7as efetivas.<\/p>\n\n\n\n<p id=\"ember3210\">Felizmente, algumas conquistas j\u00e1 foram alcan\u00e7adas. Em&nbsp;<a href=\"https:\/\/www.brasildefato.com.br\/2021\/05\/01\/motorista-de-aplicativo-entenda-decisoes-de-5-paises-que-comecam-a-garantir-direitos\">alguns pa\u00edses<\/a>, como o Brasil, decis\u00f5es judiciais t\u00eam reconhecido o v\u00ednculo de emprego entre os trabalhadores de aplicativo e as empresas, garantindo-lhes direitos trabalhistas b\u00e1sicos. Al\u00e9m disso, algumas empresas t\u00eam respondido \u00e0s press\u00f5es e implementado medidas para melhorar as condi\u00e7\u00f5es de trabalho, como a oferta de seguro de acidentes e a cria\u00e7\u00e3o de programas de apoio aos trabalhadores.<\/p>\n\n\n\n<p id=\"ember3211\">A partir dessas informa\u00e7\u00f5es, espero que voc\u00ea mude sua percep\u00e7\u00e3o sobre esses trabalhadores, apoiando suas greves e tendo empatia com suas lutas. Os trabalhadores de aplicativo desempenham um papel essencial na sociedade, e \u00e9 fundamental reconhecer e valorizar seu trabalho \u00e1rduo e dedicado. A organiza\u00e7\u00e3o desses profissionais \u00e9 o caminho para a conquista de direitos e para a constru\u00e7\u00e3o de um ambiente de trabalho mais justo e digno.<\/p>\n\n\n\n<p id=\"ember3212\">Portanto, da pr\u00f3xima vez que voc\u00ea utilizar um aplicativo, lembre-se de que por tr\u00e1s da tela do seu celular existe um trabalhador lutando por condi\u00e7\u00f5es melhores. Apoiar a organiza\u00e7\u00e3o dos trabalhadores de aplicativo \u00e9 contribuir para a constru\u00e7\u00e3o de uma sociedade mais justa e igualit\u00e1ria, em que todos tenham direito a um trabalho digno e com garantias m\u00ednimas. Juntos, podemos fazer a diferen\u00e7a e promover mudan\u00e7as significativas na vida desses profissionais t\u00e3o essenciais para o funcionamento do nosso dia a dia.<\/p>\n\n\n\n<p><\/p>\n\n\n\n<p><\/p>\n","protected":false},"excerpt":{"rendered":"<p>Quando utilizamos um aplicativo, pensamos nas condi\u00e7\u00f5es de trabalho do entregador, do Uber ou de outros profissionais? Geralmente, a resposta \u00e9 n\u00e3o. Muitas vezes,&hellip;<\/p>\n","protected":false},"author":38,"featured_media":8634,"comment_status":"closed","ping_status":"closed","sticky":false,"template":"","format":"standard","meta":{"footnotes":""},"categories":[75],"tags":[],"class_list":["post-8633","post","type-post","status-publish","format-standard","has-post-thumbnail","hentry","category-fala-do-presidente"],"blog_post_layout_featured_media_urls":{"thumbnail":["https:\/\/www.siemaco-grs.com.br\/wp\/wp-content\/uploads\/2025\/02\/image-150x150.png",150,150,true],"full":["https:\/\/www.siemaco-grs.com.br\/wp\/wp-content\/uploads\/2025\/02\/image.png",1024,1024,false]},"categories_names":{"75":{"name":"Fala do Presidente","link":"https:\/\/www.siemaco-grs.com.br\/wp\/category\/fala-do-presidente\/"}},"tags_names":[],"comments_number":"0","wpmagazine_modules_lite_featured_media_urls":{"thumbnail":["https:\/\/www.siemaco-grs.com.br\/wp\/wp-content\/uploads\/2025\/02\/image-150x150.png",150,150,true],"cvmm-medium":["https:\/\/www.siemaco-grs.com.br\/wp\/wp-content\/uploads\/2025\/02\/image-300x300.png",300,300,true],"cvmm-medium-plus":["https:\/\/www.siemaco-grs.com.br\/wp\/wp-content\/uploads\/2025\/02\/image-305x207.png",305,207,true],"cvmm-portrait":["https:\/\/www.siemaco-grs.com.br\/wp\/wp-content\/uploads\/2025\/02\/image-400x600.png",400,600,true],"cvmm-medium-square":["https:\/\/www.siemaco-grs.com.br\/wp\/wp-content\/uploads\/2025\/02\/image-600x600.png",600,600,true],"cvmm-large":["https:\/\/www.siemaco-grs.com.br\/wp\/wp-content\/uploads\/2025\/02\/image.png",1024,1024,false],"cvmm-small":["https:\/\/www.siemaco-grs.com.br\/wp\/wp-content\/uploads\/2025\/02\/image-130x95.png",130,95,true],"full":["https:\/\/www.siemaco-grs.com.br\/wp\/wp-content\/uploads\/2025\/02\/image.png",1024,1024,false]},"_links":{"self":[{"href":"https:\/\/www.siemaco-grs.com.br\/wp\/wp-json\/wp\/v2\/posts\/8633","targetHints":{"allow":["GET"]}}],"collection":[{"href":"https:\/\/www.siemaco-grs.com.br\/wp\/wp-json\/wp\/v2\/posts"}],"about":[{"href":"https:\/\/www.siemaco-grs.com.br\/wp\/wp-json\/wp\/v2\/types\/post"}],"author":[{"embeddable":true,"href":"https:\/\/www.siemaco-grs.com.br\/wp\/wp-json\/wp\/v2\/users\/38"}],"replies":[{"embeddable":true,"href":"https:\/\/www.siemaco-grs.com.br\/wp\/wp-json\/wp\/v2\/comments?post=8633"}],"version-history":[{"count":1,"href":"https:\/\/www.siemaco-grs.com.br\/wp\/wp-json\/wp\/v2\/posts\/8633\/revisions"}],"predecessor-version":[{"id":8635,"href":"https:\/\/www.siemaco-grs.com.br\/wp\/wp-json\/wp\/v2\/posts\/8633\/revisions\/8635"}],"wp:featuredmedia":[{"embeddable":true,"href":"https:\/\/www.siemaco-grs.com.br\/wp\/wp-json\/wp\/v2\/media\/8634"}],"wp:attachment":[{"href":"https:\/\/www.siemaco-grs.com.br\/wp\/wp-json\/wp\/v2\/media?parent=8633"}],"wp:term":[{"taxonomy":"category","embeddable":true,"href":"https:\/\/www.siemaco-grs.com.br\/wp\/wp-json\/wp\/v2\/categories?post=8633"},{"taxonomy":"post_tag","embeddable":true,"href":"https:\/\/www.siemaco-grs.com.br\/wp\/wp-json\/wp\/v2\/tags?post=8633"}],"curies":[{"name":"wp","href":"https:\/\/api.w.org\/{rel}","templated":true}]}}