{"id":6764,"date":"2024-03-21T08:00:00","date_gmt":"2024-03-21T11:00:00","guid":{"rendered":"https:\/\/www.siemaco-grs.com.br\/wp\/?p=6764"},"modified":"2024-03-19T17:02:45","modified_gmt":"2024-03-19T20:02:45","slug":"dia-internacional-da-sindrome-de-down-mitos-e-verdades-avancos-e-conquistas","status":"publish","type":"post","link":"https:\/\/www.siemaco-grs.com.br\/wp\/2024\/03\/21\/dia-internacional-da-sindrome-de-down-mitos-e-verdades-avancos-e-conquistas\/","title":{"rendered":"Dia Internacional da S\u00edndrome de Down: mitos e verdades, avan\u00e7os e conquistas."},"content":{"rendered":"\n<p id=\"viewer-2rvln\">O dia 21 de mar\u00e7o \u00e9 conhecido internacionalmente como o Dia Internacional da S\u00edndrome de Down, para lembrar a import\u00e2ncia da inclus\u00e3o e do respeito a essa popula\u00e7\u00e3o.<\/p>\n\n\n\n<p id=\"viewer-avl1t\">Dentre os tipos de defici\u00eancia existentes, talvez as que s\u00e3o maior alvo de preconceito s\u00e3o as defici\u00eancias intelectuais, frequentemente associadas \u00e0 incapacidade de aprendizado e conv\u00edvio social.<\/p>\n\n\n\n<h2 class=\"wp-block-heading\" id=\"viewer-ecne0\">A S\u00edndrome de Down no Brasil e no Mundo<\/h2>\n\n\n\n<p id=\"viewer-dlqbh\">A s\u00edndrome de Down \u00e9 uma altera\u00e7\u00e3o gen\u00e9tica que est\u00e1 presente na esp\u00e9cie humana desde os seus prim\u00f3rdios. A s\u00edndrome acontece no momento da concep\u00e7\u00e3o da crian\u00e7a, e caracteriza-se pela presen\u00e7a de uma c\u00f3pia a mais do cromossomo 21(trissomia) em todas as c\u00e9lulas do organismo, assim, tendo 47 cromossomos ao inv\u00e9s de 46.<\/p>\n\n\n\n<p id=\"viewer-a844m\">No Brasil, estima-se que a cada 700 beb\u00eas nascidos, pelo menos 1 tenha essa caracter\u00edstica; em torno de 270 mil casos.<\/p>\n\n\n\n<p id=\"viewer-fkjct\">Nos Estados Unidos, essa taxa \u00e9 ainda mais alta: 1 a cada 691 beb\u00eas nascem com a s\u00edndrome; em torno de 400 mil casos.<\/p>\n\n\n\n<p id=\"viewer-en8tn\">No mundo, estima-se que a incid\u00eancia seja de 1 em 1 mil nascidos vivos. A cada ano, cerca de 3 a 5 mil crian\u00e7as nascem com s\u00edndrome de Down.<\/p>\n\n\n\n<h2 class=\"wp-block-heading\" id=\"viewer-1ut84\">O porqu\u00ea da data?<\/h2>\n\n\n\n<p id=\"viewer-14p64\">A escolha do dia 21\/03 para ser o Dia Internacional da S\u00edndrome de Down tem a ver com as tr\u00eas c\u00f3pias do cromossomo 21, que caracterizam a s\u00edndrome.<\/p>\n\n\n\n<p id=\"viewer-62ar1\">A data foi criada em 2006 pela Down Syndrome International (EUA), mas somente em 2011 foi oficializada pela ONU a pedido do Brasil.<\/p>\n\n\n\n<h2 class=\"wp-block-heading\" id=\"viewer-e5g63\">O que podemos comemorar? \u2013 Avan\u00e7os e conquistas<\/h2>\n\n\n\n<p id=\"viewer-36jir\">Segundo o IBGE no final da d\u00e9cada de 1980, um indiv\u00edduo com a s\u00edndrome de Down vivia no m\u00e1ximo 30 anos. Felizmente, hoje, essa expectativa de vida dobrou devido ao maior acesso aos tratamentos de sa\u00fade relacionados \u00e0 s\u00edndrome, como problemas cardiorrespirat\u00f3rios e fraqueza muscular.<\/p>\n\n\n\n<p id=\"viewer-bk0ls\">Al\u00e9m do mais, m\u00e9dicos especialistas garantem que a maior socializa\u00e7\u00e3o de crian\u00e7as, jovens e adultos \u00e9 um fator determinante para o aumento da sua qualidade de vida.<\/p>\n\n\n\n<p id=\"viewer-8sk3p\">Na \u00e1rea de educa\u00e7\u00e3o, o n\u00famero de alunos com s\u00edndrome de Down vem crescendo gradativamente nos \u00faltimos anos, uma grande conquista que deve ser celebrada nesta data.<\/p>\n\n\n\n<p id=\"viewer-c251t\">Conforme dados divulgados pelo MEC (Minist\u00e9rio da Educa\u00e7\u00e3o), em 2018 havia cerca de 1,18 milh\u00e3o de alunos matriculados nas escolas regulares. Em anos anteriores, como 2014, eram quase 700 mil matriculados.<\/p>\n\n\n\n<p id=\"viewer-1r0bj\">Quanto \u00e0s oportunidades no mercado de trabalho, embora ainda estejam longe do ideal, gra\u00e7as \u00e0 Lei de Cotas, essas pessoas t\u00eam mais chance de serem cidad\u00e3os produtivos, com emprego e independ\u00eancia financeira.<\/p>\n\n\n\n<p id=\"viewer-aci7t\">Uma <a target=\"_blank\" href=\"https:\/\/alana.org.br\/wp-content\/uploads\/2017\/04\/Paper_Sindrome_Down.pdf\" rel=\"noreferrer noopener\">pesquisa<\/a> realizada em 2014 pelo Instituto Alana em parceria com a consultoria McKinsey &amp; Company confirma que a contrata\u00e7\u00e3o de funcion\u00e1rios com s\u00edndrome de Down traz benef\u00edcios \u00e0s empresas.<\/p>\n\n\n\n<p id=\"viewer-cobsl\">Foi comprovado que, devido a caracter\u00edsticas comuns \u00e0 personalidade deles, como a capacidade de comunica\u00e7\u00e3o direta, desenvolvimento de empatia, v\u00ednculo afetivo, mem\u00f3ria restrita \u2014 que auxilia a reter o aprendizado recente, entre outras habilidades \u2014, eles acabam gerando diversos impactos positivos na sa\u00fade organizacional.<\/p>\n\n\n\n<p id=\"viewer-6fkjk\">Se at\u00e9 alguns anos atr\u00e1s essas pessoas viviam escondidas pelos pais e os adultos eram infantilizados, atualmente, eles t\u00eam mais possibilidades de estudar, ter uma forma\u00e7\u00e3o superior, trabalhar, passear, ter amigos e at\u00e9 mesmo se casar.<\/p>\n\n\n\n<p id=\"viewer-aumq9\">Esperamos confiantes mais avan\u00e7os que possam abrir novos caminhos para pessoas com s\u00edndrome de down, tendo um futuro promissor, mais independente e feliz.<\/p>\n\n\n\n<p><\/p>\n\n\n\n<p>Texto: Instituto modo Parit\u00e9s Inclus\u00e3o social na pr\u00e1tica <\/p>\n","protected":false},"excerpt":{"rendered":"<p>O dia 21 de mar\u00e7o \u00e9 conhecido internacionalmente como o Dia Internacional da S\u00edndrome de Down, para lembrar a import\u00e2ncia da inclus\u00e3o e do&hellip;<\/p>\n","protected":false},"author":35,"featured_media":6765,"comment_status":"closed","ping_status":"closed","sticky":false,"template":"","format":"standard","meta":{"footnotes":""},"categories":[3],"tags":[],"class_list":["post-6764","post","type-post","status-publish","format-standard","has-post-thumbnail","hentry","category-noticias-siemaco"],"blog_post_layout_featured_media_urls":{"thumbnail":["https:\/\/www.siemaco-grs.com.br\/wp\/wp-content\/uploads\/2024\/03\/WhatsApp-Image-2024-03-04-at-15.38.53-1-150x150.jpeg",150,150,true],"full":["https:\/\/www.siemaco-grs.com.br\/wp\/wp-content\/uploads\/2024\/03\/WhatsApp-Image-2024-03-04-at-15.38.53-1.jpeg",1080,1080,false]},"categories_names":{"3":{"name":"Not\u00edcias Siemaco","link":"https:\/\/www.siemaco-grs.com.br\/wp\/category\/noticias-siemaco\/"}},"tags_names":[],"comments_number":"0","wpmagazine_modules_lite_featured_media_urls":{"thumbnail":["https:\/\/www.siemaco-grs.com.br\/wp\/wp-content\/uploads\/2024\/03\/WhatsApp-Image-2024-03-04-at-15.38.53-1-150x150.jpeg",150,150,true],"cvmm-medium":["https:\/\/www.siemaco-grs.com.br\/wp\/wp-content\/uploads\/2024\/03\/WhatsApp-Image-2024-03-04-at-15.38.53-1-300x300.jpeg",300,300,true],"cvmm-medium-plus":["https:\/\/www.siemaco-grs.com.br\/wp\/wp-content\/uploads\/2024\/03\/WhatsApp-Image-2024-03-04-at-15.38.53-1-305x207.jpeg",305,207,true],"cvmm-portrait":["https:\/\/www.siemaco-grs.com.br\/wp\/wp-content\/uploads\/2024\/03\/WhatsApp-Image-2024-03-04-at-15.38.53-1-400x600.jpeg",400,600,true],"cvmm-medium-square":["https:\/\/www.siemaco-grs.com.br\/wp\/wp-content\/uploads\/2024\/03\/WhatsApp-Image-2024-03-04-at-15.38.53-1-600x600.jpeg",600,600,true],"cvmm-large":["https:\/\/www.siemaco-grs.com.br\/wp\/wp-content\/uploads\/2024\/03\/WhatsApp-Image-2024-03-04-at-15.38.53-1-1024x1024.jpeg",1024,1024,true],"cvmm-small":["https:\/\/www.siemaco-grs.com.br\/wp\/wp-content\/uploads\/2024\/03\/WhatsApp-Image-2024-03-04-at-15.38.53-1-130x95.jpeg",130,95,true],"full":["https:\/\/www.siemaco-grs.com.br\/wp\/wp-content\/uploads\/2024\/03\/WhatsApp-Image-2024-03-04-at-15.38.53-1.jpeg",1080,1080,false]},"_links":{"self":[{"href":"https:\/\/www.siemaco-grs.com.br\/wp\/wp-json\/wp\/v2\/posts\/6764","targetHints":{"allow":["GET"]}}],"collection":[{"href":"https:\/\/www.siemaco-grs.com.br\/wp\/wp-json\/wp\/v2\/posts"}],"about":[{"href":"https:\/\/www.siemaco-grs.com.br\/wp\/wp-json\/wp\/v2\/types\/post"}],"author":[{"embeddable":true,"href":"https:\/\/www.siemaco-grs.com.br\/wp\/wp-json\/wp\/v2\/users\/35"}],"replies":[{"embeddable":true,"href":"https:\/\/www.siemaco-grs.com.br\/wp\/wp-json\/wp\/v2\/comments?post=6764"}],"version-history":[{"count":1,"href":"https:\/\/www.siemaco-grs.com.br\/wp\/wp-json\/wp\/v2\/posts\/6764\/revisions"}],"predecessor-version":[{"id":6766,"href":"https:\/\/www.siemaco-grs.com.br\/wp\/wp-json\/wp\/v2\/posts\/6764\/revisions\/6766"}],"wp:featuredmedia":[{"embeddable":true,"href":"https:\/\/www.siemaco-grs.com.br\/wp\/wp-json\/wp\/v2\/media\/6765"}],"wp:attachment":[{"href":"https:\/\/www.siemaco-grs.com.br\/wp\/wp-json\/wp\/v2\/media?parent=6764"}],"wp:term":[{"taxonomy":"category","embeddable":true,"href":"https:\/\/www.siemaco-grs.com.br\/wp\/wp-json\/wp\/v2\/categories?post=6764"},{"taxonomy":"post_tag","embeddable":true,"href":"https:\/\/www.siemaco-grs.com.br\/wp\/wp-json\/wp\/v2\/tags?post=6764"}],"curies":[{"name":"wp","href":"https:\/\/api.w.org\/{rel}","templated":true}]}}