{"id":2341,"date":"2022-10-11T12:23:00","date_gmt":"2022-10-11T15:23:00","guid":{"rendered":"https:\/\/www.siemaco-grs.com.br\/wp\/\/?p=2341"},"modified":"2022-12-14T12:24:21","modified_gmt":"2022-12-14T15:24:21","slug":"sao-jose-dos-campos-greve-e-encerrada-mas-femaco-segue-na-fiscalizacao","status":"publish","type":"post","link":"https:\/\/www.siemaco-grs.com.br\/wp\/2022\/10\/11\/sao-jose-dos-campos-greve-e-encerrada-mas-femaco-segue-na-fiscalizacao\/","title":{"rendered":"S\u00e3o Jos\u00e9 dos Campos: Greve \u00e9 encerrada, mas FEMACO segue na fiscaliza\u00e7\u00e3o"},"content":{"rendered":"\n<p>Ap\u00f3s a Justi\u00e7a do Trabalho constatar irregularidades no que tange \u00e0s condi\u00e7\u00f5es dos ve\u00edculos da BETA AMBIENTAL, que presta servi\u00e7os \u00e0 Prefeitura de S\u00e3o Jos\u00e9 dos Campos, uma reuni\u00e3o foi realizada na tarde desta segunda-feira (10), na sede da FEMACO \u2013 federa\u00e7\u00e3o que representa os trabalhadores da Limpeza Urbana \u2013 para alinhar as melhorias a serem tomadas pela empresa e nos rumos da paralisa\u00e7\u00e3o dos profissionais da categoria.<\/p>\n\n\n\n<p>O encontro contou com a participa\u00e7\u00e3o do diretor da empresa Beta Ambiental, Jos\u00e9 Alexis B. de Carvalho, do presidente da FEMACO, Roberto Santiago, da&nbsp; diretora Maria Isabel Estevam e do advogado da federa\u00e7\u00e3o Francisco Larocca Filho.<\/p>\n\n\n\n<p>Na reuni\u00e3o foram elencadas as diversas irregularidades apresentadas pelos trabalhadores como o descumprimento das NRs 01, 04, 05, 06, 07, 09, 24 e 28, al\u00e9m das condi\u00e7\u00f5es prec\u00e1rias dos lifts, alavanca, pneus, CAT de acidentes nos locais de trabalho, uniformes e refeit\u00f3rio, o que a empresa se comprometeu a regularizar todas essas situa\u00e7\u00f5es em um prazo m\u00e1ximo de 90 dias, assim as partes acordaram em finalizar a paralisa\u00e7\u00e3o da categoria.<\/p>\n\n\n\n<p>\u201cO mais importante foi a empresa reconhecer suas falhas e, sobretudo, a legitimidade da greve encabe\u00e7ada pelos trabalhadores a qual n\u00e3o refletir\u00e1 em descontos nos sal\u00e1rios dos mesmos, al\u00e9m da garantia do emprego e estabilidade por 60 dias\u201d, afirmou Maria Isabel Estevam.<\/p>\n","protected":false},"excerpt":{"rendered":"<p>Ap\u00f3s a Justi\u00e7a do Trabalho constatar irregularidades no que tange \u00e0s condi\u00e7\u00f5es dos ve\u00edculos da BETA AMBIENTAL, que presta servi\u00e7os \u00e0 Prefeitura de S\u00e3o&hellip;<\/p>\n","protected":false},"author":1,"featured_media":2342,"comment_status":"closed","ping_status":"closed","sticky":false,"template":"","format":"standard","meta":{"footnotes":""},"categories":[3],"tags":[],"class_list":["post-2341","post","type-post","status-publish","format-standard","has-post-thumbnail","hentry","category-noticias-siemaco"],"blog_post_layout_featured_media_urls":{"thumbnail":["https:\/\/www.siemaco-grs.com.br\/wp\/wp-content\/uploads\/2022\/12\/Isabel-II-150x150.jpeg",150,150,true],"full":["https:\/\/www.siemaco-grs.com.br\/wp\/wp-content\/uploads\/2022\/12\/Isabel-II.jpeg",768,491,false]},"categories_names":{"3":{"name":"Not\u00edcias Siemaco","link":"https:\/\/www.siemaco-grs.com.br\/wp\/category\/noticias-siemaco\/"}},"tags_names":[],"comments_number":"0","wpmagazine_modules_lite_featured_media_urls":{"thumbnail":["https:\/\/www.siemaco-grs.com.br\/wp\/wp-content\/uploads\/2022\/12\/Isabel-II-150x150.jpeg",150,150,true],"cvmm-medium":["https:\/\/www.siemaco-grs.com.br\/wp\/wp-content\/uploads\/2022\/12\/Isabel-II-300x300.jpeg",300,300,true],"cvmm-medium-plus":["https:\/\/www.siemaco-grs.com.br\/wp\/wp-content\/uploads\/2022\/12\/Isabel-II-305x207.jpeg",305,207,true],"cvmm-portrait":["https:\/\/www.siemaco-grs.com.br\/wp\/wp-content\/uploads\/2022\/12\/Isabel-II-400x491.jpeg",400,491,true],"cvmm-medium-square":["https:\/\/www.siemaco-grs.com.br\/wp\/wp-content\/uploads\/2022\/12\/Isabel-II-600x491.jpeg",600,491,true],"cvmm-large":["https:\/\/www.siemaco-grs.com.br\/wp\/wp-content\/uploads\/2022\/12\/Isabel-II.jpeg",768,491,false],"cvmm-small":["https:\/\/www.siemaco-grs.com.br\/wp\/wp-content\/uploads\/2022\/12\/Isabel-II-130x95.jpeg",130,95,true],"full":["https:\/\/www.siemaco-grs.com.br\/wp\/wp-content\/uploads\/2022\/12\/Isabel-II.jpeg",768,491,false]},"_links":{"self":[{"href":"https:\/\/www.siemaco-grs.com.br\/wp\/wp-json\/wp\/v2\/posts\/2341","targetHints":{"allow":["GET"]}}],"collection":[{"href":"https:\/\/www.siemaco-grs.com.br\/wp\/wp-json\/wp\/v2\/posts"}],"about":[{"href":"https:\/\/www.siemaco-grs.com.br\/wp\/wp-json\/wp\/v2\/types\/post"}],"author":[{"embeddable":true,"href":"https:\/\/www.siemaco-grs.com.br\/wp\/wp-json\/wp\/v2\/users\/1"}],"replies":[{"embeddable":true,"href":"https:\/\/www.siemaco-grs.com.br\/wp\/wp-json\/wp\/v2\/comments?post=2341"}],"version-history":[{"count":1,"href":"https:\/\/www.siemaco-grs.com.br\/wp\/wp-json\/wp\/v2\/posts\/2341\/revisions"}],"predecessor-version":[{"id":2343,"href":"https:\/\/www.siemaco-grs.com.br\/wp\/wp-json\/wp\/v2\/posts\/2341\/revisions\/2343"}],"wp:featuredmedia":[{"embeddable":true,"href":"https:\/\/www.siemaco-grs.com.br\/wp\/wp-json\/wp\/v2\/media\/2342"}],"wp:attachment":[{"href":"https:\/\/www.siemaco-grs.com.br\/wp\/wp-json\/wp\/v2\/media?parent=2341"}],"wp:term":[{"taxonomy":"category","embeddable":true,"href":"https:\/\/www.siemaco-grs.com.br\/wp\/wp-json\/wp\/v2\/categories?post=2341"},{"taxonomy":"post_tag","embeddable":true,"href":"https:\/\/www.siemaco-grs.com.br\/wp\/wp-json\/wp\/v2\/tags?post=2341"}],"curies":[{"name":"wp","href":"https:\/\/api.w.org\/{rel}","templated":true}]}}