{"id":14289,"date":"2026-08-17T12:03:25","date_gmt":"2026-08-17T15:03:25","guid":{"rendered":"https:\/\/www.siemaco-grs.com.br\/wp\/?p=14289"},"modified":"2026-08-17T12:03:27","modified_gmt":"2026-08-17T15:03:27","slug":"unidos-pela-categoria-apoiamos-coletores-em-embu-das-artes","status":"publish","type":"post","link":"https:\/\/www.siemaco-grs.com.br\/wp\/2026\/08\/17\/unidos-pela-categoria-apoiamos-coletores-em-embu-das-artes\/","title":{"rendered":"UNIDOS PELA CATEGORIA: APOIAMOS COLETORES EM EMBU DAS ARTES"},"content":{"rendered":"\n<p>Estivemos presentes em apoio \u00e0 paralisa\u00e7\u00e3o dos coletores da empresa Ambiental, na regi\u00e3o de Embu das Artes, fortalecendo a mobiliza\u00e7\u00e3o dos trabalhadores e reafirmando um princ\u00edpio que sempre defendemos: quando os direitos da categoria est\u00e3o em jogo, a uni\u00e3o dos trabalhadores e das entidades sindicais faz toda a diferen\u00e7a.<\/p>\n\n\n\n<p>A paralisa\u00e7\u00e3o reuniu profissionais da coleta que reivindicam seus direitos e melhores condi\u00e7\u00f5es para exercer uma atividade essencial \u00e0 popula\u00e7\u00e3o. Nosso apoio \u00e0 mobiliza\u00e7\u00e3o representa a solidariedade entre trabalhadores de uma mesma categoria, independentemente da cidade ou da regi\u00e3o em que atuam.<\/p>\n\n\n\n<p>Sabemos de perto a realidade enfrentada pelos coletores. S\u00e3o profissionais que diariamente est\u00e3o nas ruas, enfrentando sol, chuva, tr\u00e2nsito, esfor\u00e7o f\u00edsico e diferentes riscos para manter as cidades limpas. Um trabalho essencial que precisa ser reconhecido n\u00e3o apenas com palavras, mas com respeito, valoriza\u00e7\u00e3o, direitos garantidos e condi\u00e7\u00f5es dignas de trabalho.<\/p>\n\n\n\n<p>Por isso, estivemos ao lado dos trabalhadores da Ambiental, apoiando a paralisa\u00e7\u00e3o e fortalecendo a luta da categoria em Embu das Artes. A mobiliza\u00e7\u00e3o \u00e9 uma importante ferramenta dos trabalhadores quando o di\u00e1logo n\u00e3o avan\u00e7a e as reivindica\u00e7\u00f5es precisam ser ouvidas.<\/p>\n\n\n\n<p>Para n\u00f3s, defender a categoria tamb\u00e9m significa entender que nenhum trabalhador deve lutar sozinho. Quando coletores se mobilizam por seus direitos em qualquer regi\u00e3o, essa luta tamb\u00e9m representa a busca pela valoriza\u00e7\u00e3o de toda uma profiss\u00e3o.<\/p>\n\n\n\n<p>Seguimos defendendo o di\u00e1logo e a constru\u00e7\u00e3o de solu\u00e7\u00f5es que respeitem os trabalhadores, mas tamb\u00e9m sabemos que direitos precisam ser cobrados e defendidos. \u00c9 por isso que a organiza\u00e7\u00e3o sindical \u00e9 t\u00e3o importante: ela transforma reivindica\u00e7\u00f5es individuais em for\u00e7a coletiva.<\/p>\n\n\n\n<p>seguimos presente, apoiando a categoria e fortalecendo a uni\u00e3o entre os trabalhadores.<\/p>\n\n\n\n<p>A luta de um \u00e9 a luta de todos. Coletores unidos, sindicatos fortes e nenhum direito a menos!<\/p>\n\n\n\n<figure class=\"wp-block-gallery has-nested-images columns-default is-cropped wp-block-gallery-1 is-layout-flex wp-block-gallery-is-layout-flex\">\n<figure class=\"wp-block-image size-large\"><img decoding=\"async\" width=\"819\" height=\"1024\" data-id=\"14292\" src=\"https:\/\/www.siemaco-grs.com.br\/wp\/wp-content\/uploads\/2026\/08\/4-6-819x1024.png\" alt=\"\" class=\"wp-image-14292\" srcset=\"https:\/\/www.siemaco-grs.com.br\/wp\/wp-content\/uploads\/2026\/08\/4-6-819x1024.png 819w, https:\/\/www.siemaco-grs.com.br\/wp\/wp-content\/uploads\/2026\/08\/4-6-240x300.png 240w, https:\/\/www.siemaco-grs.com.br\/wp\/wp-content\/uploads\/2026\/08\/4-6-768x960.png 768w, https:\/\/www.siemaco-grs.com.br\/wp\/wp-content\/uploads\/2026\/08\/4-6-585x731.png 585w, https:\/\/www.siemaco-grs.com.br\/wp\/wp-content\/uploads\/2026\/08\/4-6.png 1080w\" sizes=\"(max-width: 819px) 100vw, 819px\" \/><\/figure>\n\n\n\n<figure class=\"wp-block-image size-large\"><img decoding=\"async\" width=\"819\" height=\"1024\" data-id=\"14293\" src=\"https:\/\/www.siemaco-grs.com.br\/wp\/wp-content\/uploads\/2026\/08\/6-5-819x1024.png\" alt=\"\" class=\"wp-image-14293\" srcset=\"https:\/\/www.siemaco-grs.com.br\/wp\/wp-content\/uploads\/2026\/08\/6-5-819x1024.png 819w, https:\/\/www.siemaco-grs.com.br\/wp\/wp-content\/uploads\/2026\/08\/6-5-240x300.png 240w, https:\/\/www.siemaco-grs.com.br\/wp\/wp-content\/uploads\/2026\/08\/6-5-768x960.png 768w, https:\/\/www.siemaco-grs.com.br\/wp\/wp-content\/uploads\/2026\/08\/6-5-585x731.png 585w, https:\/\/www.siemaco-grs.com.br\/wp\/wp-content\/uploads\/2026\/08\/6-5.png 1080w\" sizes=\"(max-width: 819px) 100vw, 819px\" \/><\/figure>\n<\/figure>\n","protected":false},"excerpt":{"rendered":"<p>Estivemos presentes em apoio \u00e0 paralisa\u00e7\u00e3o dos coletores da empresa Ambiental, na regi\u00e3o de Embu das Artes, fortalecendo a mobiliza\u00e7\u00e3o dos trabalhadores e reafirmando&hellip;<\/p>\n","protected":false},"author":36,"featured_media":14290,"comment_status":"closed","ping_status":"closed","sticky":false,"template":"","format":"standard","meta":{"footnotes":""},"categories":[3],"tags":[],"class_list":["post-14289","post","type-post","status-publish","format-standard","has-post-thumbnail","hentry","category-noticias-siemaco"],"blog_post_layout_featured_media_urls":{"thumbnail":["https:\/\/www.siemaco-grs.com.br\/wp\/wp-content\/uploads\/2026\/08\/3-6-150x150.png",150,150,true],"full":["https:\/\/www.siemaco-grs.com.br\/wp\/wp-content\/uploads\/2026\/08\/3-6.png",1080,1350,false]},"categories_names":{"3":{"name":"Not\u00edcias Siemaco","link":"https:\/\/www.siemaco-grs.com.br\/wp\/category\/noticias-siemaco\/"}},"tags_names":[],"comments_number":"0","wpmagazine_modules_lite_featured_media_urls":{"thumbnail":["https:\/\/www.siemaco-grs.com.br\/wp\/wp-content\/uploads\/2026\/08\/3-6-150x150.png",150,150,true],"cvmm-medium":["https:\/\/www.siemaco-grs.com.br\/wp\/wp-content\/uploads\/2026\/08\/3-6-300x300.png",300,300,true],"cvmm-medium-plus":["https:\/\/www.siemaco-grs.com.br\/wp\/wp-content\/uploads\/2026\/08\/3-6-305x207.png",305,207,true],"cvmm-portrait":["https:\/\/www.siemaco-grs.com.br\/wp\/wp-content\/uploads\/2026\/08\/3-6-400x600.png",400,600,true],"cvmm-medium-square":["https:\/\/www.siemaco-grs.com.br\/wp\/wp-content\/uploads\/2026\/08\/3-6-600x600.png",600,600,true],"cvmm-large":["https:\/\/www.siemaco-grs.com.br\/wp\/wp-content\/uploads\/2026\/08\/3-6-1024x1024.png",1024,1024,true],"cvmm-small":["https:\/\/www.siemaco-grs.com.br\/wp\/wp-content\/uploads\/2026\/08\/3-6-130x95.png",130,95,true],"full":["https:\/\/www.siemaco-grs.com.br\/wp\/wp-content\/uploads\/2026\/08\/3-6.png",1080,1350,false]},"_links":{"self":[{"href":"https:\/\/www.siemaco-grs.com.br\/wp\/wp-json\/wp\/v2\/posts\/14289","targetHints":{"allow":["GET"]}}],"collection":[{"href":"https:\/\/www.siemaco-grs.com.br\/wp\/wp-json\/wp\/v2\/posts"}],"about":[{"href":"https:\/\/www.siemaco-grs.com.br\/wp\/wp-json\/wp\/v2\/types\/post"}],"author":[{"embeddable":true,"href":"https:\/\/www.siemaco-grs.com.br\/wp\/wp-json\/wp\/v2\/users\/36"}],"replies":[{"embeddable":true,"href":"https:\/\/www.siemaco-grs.com.br\/wp\/wp-json\/wp\/v2\/comments?post=14289"}],"version-history":[{"count":1,"href":"https:\/\/www.siemaco-grs.com.br\/wp\/wp-json\/wp\/v2\/posts\/14289\/revisions"}],"predecessor-version":[{"id":14295,"href":"https:\/\/www.siemaco-grs.com.br\/wp\/wp-json\/wp\/v2\/posts\/14289\/revisions\/14295"}],"wp:featuredmedia":[{"embeddable":true,"href":"https:\/\/www.siemaco-grs.com.br\/wp\/wp-json\/wp\/v2\/media\/14290"}],"wp:attachment":[{"href":"https:\/\/www.siemaco-grs.com.br\/wp\/wp-json\/wp\/v2\/media?parent=14289"}],"wp:term":[{"taxonomy":"category","embeddable":true,"href":"https:\/\/www.siemaco-grs.com.br\/wp\/wp-json\/wp\/v2\/categories?post=14289"},{"taxonomy":"post_tag","embeddable":true,"href":"https:\/\/www.siemaco-grs.com.br\/wp\/wp-json\/wp\/v2\/tags?post=14289"}],"curies":[{"name":"wp","href":"https:\/\/api.w.org\/{rel}","templated":true}]}}