{"id":11887,"date":"2025-11-17T13:00:57","date_gmt":"2025-11-17T16:00:57","guid":{"rendered":"https:\/\/www.siemaco-grs.com.br\/wp\/?p=11887"},"modified":"2025-11-17T13:00:59","modified_gmt":"2025-11-17T16:00:59","slug":"pessoas-negras-e-o-mercado-de-trabalho-consciencia-e-oportunidade","status":"publish","type":"post","link":"https:\/\/www.siemaco-grs.com.br\/wp\/2025\/11\/17\/pessoas-negras-e-o-mercado-de-trabalho-consciencia-e-oportunidade\/","title":{"rendered":"Pessoas negras e o mercado de trabalho: consci\u00eancia \u00e9 oportunidade"},"content":{"rendered":"\n<p>A cada novembro, o debate sobre a Consci\u00eancia Negra retorna com for\u00e7a. Mas, mais do que um feriado, a data \u00e9 um lembrete de que as desigualdades hist\u00f3ricas ainda moldam o presente, inclusive no mercado de trabalho. Mesmo com avan\u00e7os, as pessoas negras continuam em desvantagem no acesso a emprego, educa\u00e7\u00e3o e renda.&nbsp;<\/p>\n\n\n\n<p><strong>Desigualdade estrutural no trabalho<\/strong><\/p>\n\n\n\n<p>Segundo dados do IBGE, divulgados em 2025, o desemprego ainda atinge mais pessoas pretas e pardas do que brancas. Al\u00e9m disso, quando essa popula\u00e7\u00e3o conquista um emprego, as diferen\u00e7as persistem: os cargos de lideran\u00e7a seguem majoritariamente brancos e as oportunidades de crescimento s\u00e3o limitadas.<\/p>\n\n\n\n<p>O levantamento realizado pelo Centro de Estudos sobre Desigualdades Raciais (CEDRA), com base em dados da PNAD Cont\u00ednua (2023), mostrou que a hora trabalhada por uma pessoa branca chegou a valer at\u00e9 58,3% a mais do que a de trabalhadores(as) negros(as), um reflexo de como a cor da pele ainda define o valor do trabalho no Brasil.<\/p>\n\n\n\n<h3 class=\"wp-block-heading\"><strong>Mulheres negras: uma luta em dobro<\/strong><\/h3>\n\n\n\n<p>Entre as mulheres, o peso da desigualdade \u00e9 ainda maior. De acordo com o Minist\u00e9rio do Trabalho e Emprego (2025), as mulheres negras ganham, em m\u00e9dia, 53% menos que os homens brancos e est\u00e3o concentradas em fun\u00e7\u00f5es operacionais, raramente chegando \u00e0 lideran\u00e7a.<\/p>\n\n\n\n<p>Al\u00e9m das barreiras profissionais, enfrentam \u00edndices alarmantes de viol\u00eancia de g\u00eanero e inseguran\u00e7a alimentar, reflexos diretos do racismo e do machismo estruturais. Muitas vezes, a falta de oportunidades perpetua um ciclo de viol\u00eancias: sem um sal\u00e1rio digno, as mulheres permanecem em rela\u00e7\u00f5es abusivas por depend\u00eancia financeira.<\/p>\n\n\n\n<h3 class=\"wp-block-heading\"><strong>Juventude negra: o racismo ainda atrapalha a esperan\u00e7a<\/strong><\/h3>\n\n\n\n<p>De acordo com a Pesquisa Diversidade Jovem do Espro, de 2024, 41% dos(as) jovens negros(as) j\u00e1 foram exclu\u00eddos(as) no ambiente de trabalho e 38% n\u00e3o tiveram reconhecimento por suas ideias, n\u00fameros que revelam n\u00e3o a falta de talento, mas a falta de espa\u00e7o.<\/p>\n\n\n\n<p>A educa\u00e7\u00e3o \u00e9 vista como o principal caminho para romper ciclos de exclus\u00e3o, mas o acesso desigual e o racismo estrutural continuam a dificultar esse percurso. No Rio de Janeiro, sete em cada dez moradores(as) de favelas s\u00e3o negros(as), e muitos(as) jovens convivem diariamente com a viol\u00eancia que interrompe sonhos e estudos.<\/p>\n\n\n\n<p>A Consci\u00eancia Negra \u00e9 todos os dias. A luta por igualdade vai al\u00e9m das campanhas de novembro: come\u00e7a com o reconhecimento das desigualdades e a implementa\u00e7\u00e3o de pol\u00edticas p\u00fablicas e a\u00e7\u00f5es concretas para mudar essa realidade.<\/p>\n","protected":false},"excerpt":{"rendered":"<p>A cada novembro, o debate sobre a Consci\u00eancia Negra retorna com for\u00e7a. Mas, mais do que um feriado, a data \u00e9 um lembrete de&hellip;<\/p>\n","protected":false},"author":35,"featured_media":11888,"comment_status":"open","ping_status":"open","sticky":false,"template":"","format":"standard","meta":{"footnotes":""},"categories":[3],"tags":[],"class_list":["post-11887","post","type-post","status-publish","format-standard","has-post-thumbnail","hentry","category-noticias-siemaco"],"blog_post_layout_featured_media_urls":{"thumbnail":["https:\/\/www.siemaco-grs.com.br\/wp\/wp-content\/uploads\/2025\/11\/Mercado-de-Trabalho-03-150x150.png",150,150,true],"full":["https:\/\/www.siemaco-grs.com.br\/wp\/wp-content\/uploads\/2025\/11\/Mercado-de-Trabalho-03.png",820,547,false]},"categories_names":{"3":{"name":"Not\u00edcias Siemaco","link":"https:\/\/www.siemaco-grs.com.br\/wp\/category\/noticias-siemaco\/"}},"tags_names":[],"comments_number":"0","wpmagazine_modules_lite_featured_media_urls":{"thumbnail":["https:\/\/www.siemaco-grs.com.br\/wp\/wp-content\/uploads\/2025\/11\/Mercado-de-Trabalho-03-150x150.png",150,150,true],"cvmm-medium":["https:\/\/www.siemaco-grs.com.br\/wp\/wp-content\/uploads\/2025\/11\/Mercado-de-Trabalho-03-300x300.png",300,300,true],"cvmm-medium-plus":["https:\/\/www.siemaco-grs.com.br\/wp\/wp-content\/uploads\/2025\/11\/Mercado-de-Trabalho-03-305x207.png",305,207,true],"cvmm-portrait":["https:\/\/www.siemaco-grs.com.br\/wp\/wp-content\/uploads\/2025\/11\/Mercado-de-Trabalho-03-400x547.png",400,547,true],"cvmm-medium-square":["https:\/\/www.siemaco-grs.com.br\/wp\/wp-content\/uploads\/2025\/11\/Mercado-de-Trabalho-03-600x547.png",600,547,true],"cvmm-large":["https:\/\/www.siemaco-grs.com.br\/wp\/wp-content\/uploads\/2025\/11\/Mercado-de-Trabalho-03.png",820,547,false],"cvmm-small":["https:\/\/www.siemaco-grs.com.br\/wp\/wp-content\/uploads\/2025\/11\/Mercado-de-Trabalho-03-130x95.png",130,95,true],"full":["https:\/\/www.siemaco-grs.com.br\/wp\/wp-content\/uploads\/2025\/11\/Mercado-de-Trabalho-03.png",820,547,false]},"_links":{"self":[{"href":"https:\/\/www.siemaco-grs.com.br\/wp\/wp-json\/wp\/v2\/posts\/11887","targetHints":{"allow":["GET"]}}],"collection":[{"href":"https:\/\/www.siemaco-grs.com.br\/wp\/wp-json\/wp\/v2\/posts"}],"about":[{"href":"https:\/\/www.siemaco-grs.com.br\/wp\/wp-json\/wp\/v2\/types\/post"}],"author":[{"embeddable":true,"href":"https:\/\/www.siemaco-grs.com.br\/wp\/wp-json\/wp\/v2\/users\/35"}],"replies":[{"embeddable":true,"href":"https:\/\/www.siemaco-grs.com.br\/wp\/wp-json\/wp\/v2\/comments?post=11887"}],"version-history":[{"count":1,"href":"https:\/\/www.siemaco-grs.com.br\/wp\/wp-json\/wp\/v2\/posts\/11887\/revisions"}],"predecessor-version":[{"id":11889,"href":"https:\/\/www.siemaco-grs.com.br\/wp\/wp-json\/wp\/v2\/posts\/11887\/revisions\/11889"}],"wp:featuredmedia":[{"embeddable":true,"href":"https:\/\/www.siemaco-grs.com.br\/wp\/wp-json\/wp\/v2\/media\/11888"}],"wp:attachment":[{"href":"https:\/\/www.siemaco-grs.com.br\/wp\/wp-json\/wp\/v2\/media?parent=11887"}],"wp:term":[{"taxonomy":"category","embeddable":true,"href":"https:\/\/www.siemaco-grs.com.br\/wp\/wp-json\/wp\/v2\/categories?post=11887"},{"taxonomy":"post_tag","embeddable":true,"href":"https:\/\/www.siemaco-grs.com.br\/wp\/wp-json\/wp\/v2\/tags?post=11887"}],"curies":[{"name":"wp","href":"https:\/\/api.w.org\/{rel}","templated":true}]}}