{"id":11808,"date":"2025-11-06T16:50:16","date_gmt":"2025-11-06T19:50:16","guid":{"rendered":"https:\/\/www.siemaco-grs.com.br\/wp\/?p=11808"},"modified":"2025-11-07T08:44:27","modified_gmt":"2025-11-07T11:44:27","slug":"liderancas-sindicais-se-reunem-em-podcast-do-sindicargas-guarulhos","status":"publish","type":"post","link":"https:\/\/www.siemaco-grs.com.br\/wp\/2025\/11\/06\/liderancas-sindicais-se-reunem-em-podcast-do-sindicargas-guarulhos\/","title":{"rendered":"LIDERAN\u00c7AS SINDICAIS SE RE\u00daNEM EM PODCAST DO SINDICARGAS GUARULHOS"},"content":{"rendered":"\n<p>Na manh\u00e3 desta quinta-feira, representantes de sindicatos filiados \u00e0 UGT Guarulhos participaram de mais uma edi\u00e7\u00e3o do podcast do Sindcargas Guarulhos. O encontro tamb\u00e9m marcou a inaugura\u00e7\u00e3o oficial do est\u00fadio de comunica\u00e7\u00e3o da entidade, refor\u00e7ando o compromisso com o di\u00e1logo, a transpar\u00eancia e a moderniza\u00e7\u00e3o da comunica\u00e7\u00e3o sindical.<\/p>\n\n\n\n<p>A grava\u00e7\u00e3o contou com a presen\u00e7a do presidente nacional da UGT, Ricardo Patah, e reuniu nomes de refer\u00eancia do movimento sindical da cidade. Estiveram presentes: Telma Cardia, presidente do Sindicato dos Frentistas; \u00c9dson Silva, presidente do Sindicato dos Comerci\u00e1rios de Guarulhos; Irapuan Siqueira, diretor do Sindcargas; Tatiane do Nascimento, representante do SEAAC; e o presidente do Siemaco Guarulhos, Jhonatan Moura.<\/p>\n\n\n\n<p>O bate-papo trouxe \u00e0 tona temas centrais para a atua\u00e7\u00e3o sindical na regi\u00e3o, como o fortalecimento das entidades de base, estrat\u00e9gias conjuntas de a\u00e7\u00e3o na cidade e a import\u00e2ncia de alinhar pautas coletivas para ampliar os direitos dos trabalhadores.<\/p>\n\n\n\n<p>O momento tamb\u00e9m evidenciou a relev\u00e2ncia da comunica\u00e7\u00e3o como ferramenta de aproxima\u00e7\u00e3o entre os sindicatos e a base, promovendo informa\u00e7\u00e3o, engajamento e representatividade.<\/p>\n\n\n\n<p>A participa\u00e7\u00e3o ativa do Siemaco Guarulhos refor\u00e7a a presen\u00e7a da entidade em espa\u00e7os de constru\u00e7\u00e3o coletiva e reafirma o compromisso com a atua\u00e7\u00e3o colaborativa entre sindicatos ugetistas, sempre com foco no trabalhador e nas demandas reais de cada categoria.<\/p>\n\n\n\n<p><\/p>\n\n\n\n<figure class=\"wp-block-gallery has-nested-images columns-default is-cropped wp-block-gallery-1 is-layout-flex wp-block-gallery-is-layout-flex\">\n<figure class=\"wp-block-image size-large\"><img decoding=\"async\" width=\"819\" height=\"1024\" data-id=\"11830\" src=\"https:\/\/www.siemaco-grs.com.br\/wp\/wp-content\/uploads\/2025\/11\/2-5-819x1024.png\" alt=\"\" class=\"wp-image-11830\" srcset=\"https:\/\/www.siemaco-grs.com.br\/wp\/wp-content\/uploads\/2025\/11\/2-5-819x1024.png 819w, https:\/\/www.siemaco-grs.com.br\/wp\/wp-content\/uploads\/2025\/11\/2-5-240x300.png 240w, https:\/\/www.siemaco-grs.com.br\/wp\/wp-content\/uploads\/2025\/11\/2-5-768x960.png 768w, https:\/\/www.siemaco-grs.com.br\/wp\/wp-content\/uploads\/2025\/11\/2-5-585x731.png 585w, https:\/\/www.siemaco-grs.com.br\/wp\/wp-content\/uploads\/2025\/11\/2-5.png 1080w\" sizes=\"(max-width: 819px) 100vw, 819px\" \/><\/figure>\n\n\n\n<figure class=\"wp-block-image size-large\"><img decoding=\"async\" width=\"819\" height=\"1024\" data-id=\"11831\" src=\"https:\/\/www.siemaco-grs.com.br\/wp\/wp-content\/uploads\/2025\/11\/3-5-819x1024.png\" alt=\"\" class=\"wp-image-11831\" srcset=\"https:\/\/www.siemaco-grs.com.br\/wp\/wp-content\/uploads\/2025\/11\/3-5-819x1024.png 819w, https:\/\/www.siemaco-grs.com.br\/wp\/wp-content\/uploads\/2025\/11\/3-5-240x300.png 240w, https:\/\/www.siemaco-grs.com.br\/wp\/wp-content\/uploads\/2025\/11\/3-5-768x960.png 768w, https:\/\/www.siemaco-grs.com.br\/wp\/wp-content\/uploads\/2025\/11\/3-5-585x731.png 585w, https:\/\/www.siemaco-grs.com.br\/wp\/wp-content\/uploads\/2025\/11\/3-5.png 1080w\" sizes=\"(max-width: 819px) 100vw, 819px\" \/><\/figure>\n\n\n\n<figure class=\"wp-block-image size-large\"><img decoding=\"async\" width=\"819\" height=\"1024\" data-id=\"11829\" src=\"https:\/\/www.siemaco-grs.com.br\/wp\/wp-content\/uploads\/2025\/11\/4-4-819x1024.png\" alt=\"\" class=\"wp-image-11829\" srcset=\"https:\/\/www.siemaco-grs.com.br\/wp\/wp-content\/uploads\/2025\/11\/4-4-819x1024.png 819w, https:\/\/www.siemaco-grs.com.br\/wp\/wp-content\/uploads\/2025\/11\/4-4-240x300.png 240w, https:\/\/www.siemaco-grs.com.br\/wp\/wp-content\/uploads\/2025\/11\/4-4-768x960.png 768w, https:\/\/www.siemaco-grs.com.br\/wp\/wp-content\/uploads\/2025\/11\/4-4-585x731.png 585w, https:\/\/www.siemaco-grs.com.br\/wp\/wp-content\/uploads\/2025\/11\/4-4.png 1080w\" sizes=\"(max-width: 819px) 100vw, 819px\" \/><\/figure>\n\n\n\n<figure class=\"wp-block-image size-large\"><img decoding=\"async\" width=\"819\" height=\"1024\" data-id=\"11828\" src=\"https:\/\/www.siemaco-grs.com.br\/wp\/wp-content\/uploads\/2025\/11\/6-3-819x1024.png\" alt=\"\" class=\"wp-image-11828\" srcset=\"https:\/\/www.siemaco-grs.com.br\/wp\/wp-content\/uploads\/2025\/11\/6-3-819x1024.png 819w, https:\/\/www.siemaco-grs.com.br\/wp\/wp-content\/uploads\/2025\/11\/6-3-240x300.png 240w, https:\/\/www.siemaco-grs.com.br\/wp\/wp-content\/uploads\/2025\/11\/6-3-768x960.png 768w, https:\/\/www.siemaco-grs.com.br\/wp\/wp-content\/uploads\/2025\/11\/6-3-585x731.png 585w, https:\/\/www.siemaco-grs.com.br\/wp\/wp-content\/uploads\/2025\/11\/6-3.png 1080w\" sizes=\"(max-width: 819px) 100vw, 819px\" \/><\/figure>\n\n\n\n<figure class=\"wp-block-image size-large\"><img decoding=\"async\" width=\"819\" height=\"1024\" data-id=\"11832\" src=\"https:\/\/www.siemaco-grs.com.br\/wp\/wp-content\/uploads\/2025\/11\/5-3-819x1024.png\" alt=\"\" class=\"wp-image-11832\" srcset=\"https:\/\/www.siemaco-grs.com.br\/wp\/wp-content\/uploads\/2025\/11\/5-3-819x1024.png 819w, https:\/\/www.siemaco-grs.com.br\/wp\/wp-content\/uploads\/2025\/11\/5-3-240x300.png 240w, https:\/\/www.siemaco-grs.com.br\/wp\/wp-content\/uploads\/2025\/11\/5-3-768x960.png 768w, https:\/\/www.siemaco-grs.com.br\/wp\/wp-content\/uploads\/2025\/11\/5-3-585x731.png 585w, https:\/\/www.siemaco-grs.com.br\/wp\/wp-content\/uploads\/2025\/11\/5-3.png 1080w\" sizes=\"(max-width: 819px) 100vw, 819px\" \/><\/figure>\n<\/figure>\n","protected":false},"excerpt":{"rendered":"<p>Na manh\u00e3 desta quinta-feira, representantes de sindicatos filiados \u00e0 UGT Guarulhos participaram de mais uma edi\u00e7\u00e3o do podcast do Sindcargas Guarulhos. O encontro tamb\u00e9m&hellip;<\/p>\n","protected":false},"author":36,"featured_media":11809,"comment_status":"closed","ping_status":"closed","sticky":false,"template":"","format":"standard","meta":{"footnotes":""},"categories":[3],"tags":[],"class_list":["post-11808","post","type-post","status-publish","format-standard","has-post-thumbnail","hentry","category-noticias-siemaco"],"blog_post_layout_featured_media_urls":{"thumbnail":["https:\/\/www.siemaco-grs.com.br\/wp\/wp-content\/uploads\/2025\/11\/1-4-150x150.png",150,150,true],"full":["https:\/\/www.siemaco-grs.com.br\/wp\/wp-content\/uploads\/2025\/11\/1-4.png",1080,1350,false]},"categories_names":{"3":{"name":"Not\u00edcias Siemaco","link":"https:\/\/www.siemaco-grs.com.br\/wp\/category\/noticias-siemaco\/"}},"tags_names":[],"comments_number":"0","wpmagazine_modules_lite_featured_media_urls":{"thumbnail":["https:\/\/www.siemaco-grs.com.br\/wp\/wp-content\/uploads\/2025\/11\/1-4-150x150.png",150,150,true],"cvmm-medium":["https:\/\/www.siemaco-grs.com.br\/wp\/wp-content\/uploads\/2025\/11\/1-4-300x300.png",300,300,true],"cvmm-medium-plus":["https:\/\/www.siemaco-grs.com.br\/wp\/wp-content\/uploads\/2025\/11\/1-4-305x207.png",305,207,true],"cvmm-portrait":["https:\/\/www.siemaco-grs.com.br\/wp\/wp-content\/uploads\/2025\/11\/1-4-400x600.png",400,600,true],"cvmm-medium-square":["https:\/\/www.siemaco-grs.com.br\/wp\/wp-content\/uploads\/2025\/11\/1-4-600x600.png",600,600,true],"cvmm-large":["https:\/\/www.siemaco-grs.com.br\/wp\/wp-content\/uploads\/2025\/11\/1-4-1024x1024.png",1024,1024,true],"cvmm-small":["https:\/\/www.siemaco-grs.com.br\/wp\/wp-content\/uploads\/2025\/11\/1-4-130x95.png",130,95,true],"full":["https:\/\/www.siemaco-grs.com.br\/wp\/wp-content\/uploads\/2025\/11\/1-4.png",1080,1350,false]},"_links":{"self":[{"href":"https:\/\/www.siemaco-grs.com.br\/wp\/wp-json\/wp\/v2\/posts\/11808","targetHints":{"allow":["GET"]}}],"collection":[{"href":"https:\/\/www.siemaco-grs.com.br\/wp\/wp-json\/wp\/v2\/posts"}],"about":[{"href":"https:\/\/www.siemaco-grs.com.br\/wp\/wp-json\/wp\/v2\/types\/post"}],"author":[{"embeddable":true,"href":"https:\/\/www.siemaco-grs.com.br\/wp\/wp-json\/wp\/v2\/users\/36"}],"replies":[{"embeddable":true,"href":"https:\/\/www.siemaco-grs.com.br\/wp\/wp-json\/wp\/v2\/comments?post=11808"}],"version-history":[{"count":2,"href":"https:\/\/www.siemaco-grs.com.br\/wp\/wp-json\/wp\/v2\/posts\/11808\/revisions"}],"predecessor-version":[{"id":11833,"href":"https:\/\/www.siemaco-grs.com.br\/wp\/wp-json\/wp\/v2\/posts\/11808\/revisions\/11833"}],"wp:featuredmedia":[{"embeddable":true,"href":"https:\/\/www.siemaco-grs.com.br\/wp\/wp-json\/wp\/v2\/media\/11809"}],"wp:attachment":[{"href":"https:\/\/www.siemaco-grs.com.br\/wp\/wp-json\/wp\/v2\/media?parent=11808"}],"wp:term":[{"taxonomy":"category","embeddable":true,"href":"https:\/\/www.siemaco-grs.com.br\/wp\/wp-json\/wp\/v2\/categories?post=11808"},{"taxonomy":"post_tag","embeddable":true,"href":"https:\/\/www.siemaco-grs.com.br\/wp\/wp-json\/wp\/v2\/tags?post=11808"}],"curies":[{"name":"wp","href":"https:\/\/api.w.org\/{rel}","templated":true}]}}