{"id":11803,"date":"2025-11-06T16:27:33","date_gmt":"2025-11-06T19:27:33","guid":{"rendered":"https:\/\/www.siemaco-grs.com.br\/wp\/?p=11803"},"modified":"2025-11-06T16:27:36","modified_gmt":"2025-11-06T19:27:36","slug":"siemaco-e-femaco-sao-destaque-em-publicacao-da-ugt-apresentada-na-cop30","status":"publish","type":"post","link":"https:\/\/www.siemaco-grs.com.br\/wp\/2025\/11\/06\/siemaco-e-femaco-sao-destaque-em-publicacao-da-ugt-apresentada-na-cop30\/","title":{"rendered":"SIEMACO E FEMACO S\u00c3O DESTAQUE EM PUBLICA\u00c7\u00c3O DA UGT APRESENTADA NA COP30"},"content":{"rendered":"\n<p>Durante a 37\u00aa Reuni\u00e3o Plen\u00e1ria da UGT, foi lan\u00e7ada a nova edi\u00e7\u00e3o da revista \u201cTrabalho &amp; Meio Ambiente\u201d, que ser\u00e1 apresentada na COP30 como exemplo de pr\u00e1ticas sindicais alinhadas aos Objetivos de Desenvolvimento Sustent\u00e1vel (ODS).<\/p>\n\n\n\n<p>Siemacos e Femaco foram reconhecidos por suas iniciativas em defesa dos trabalhadores e do meio ambiente. A publica\u00e7\u00e3o refor\u00e7a o papel dos sindicatos na constru\u00e7\u00e3o de um futuro mais justo e sustent\u00e1vel.<\/p>\n\n\n\n<p>Entre as a\u00e7\u00f5es destacadas,o Siemaco Guarulhos j\u00e1 tem atuado em diversas pautas como:<br>\u2022 Conven\u00e7\u00f5es coletivas que fazem a diferen\u00e7a, com exemplos reais como os casos do Sr. Valdinei, Everton e Camila, cujos direitos foram garantidos por meio da atua\u00e7\u00e3o sindical.<br>\u2022 Qualifica\u00e7\u00e3o profissional com o projeto Empodera Mais Oportunidades, que amplia acesso ao mercado de trabalho.<br>\u2022 Forma\u00e7\u00e3o de agentes ambientais populares, levando educa\u00e7\u00e3o ambiental \u00e0s empresas e comunidades.<br>\u2022 Apoio \u00e0 ONG Projeto Lixo e Cidade, que promove consci\u00eancia ambiental de forma acess\u00edvel.<br>\u2022 Reconhecimento nacional com o Selo Lixo Zero, tornando o sindicato o primeiro do pa\u00eds a receber essa certifica\u00e7\u00e3o.<br>\u2022 Ado\u00e7\u00e3o de pr\u00e1ticas alinhadas ao Manifesto ESG Sindical, unindo responsabilidade social, ambiental e governan\u00e7a.<\/p>\n\n\n\n<p>Participar da revista e da plen\u00e1ria \u00e9 mais do que reconhecimento \u00e9 mostrar que a a\u00e7\u00e3o sindical pode transformar realidades e cuidar de quem cuida da cidade.<\/p>\n\n\n\n<figure class=\"wp-block-gallery has-nested-images columns-default is-cropped wp-block-gallery-1 is-layout-flex wp-block-gallery-is-layout-flex\">\n<figure class=\"wp-block-image size-large\"><img decoding=\"async\" width=\"819\" height=\"1024\" data-id=\"11806\" src=\"https:\/\/www.siemaco-grs.com.br\/wp\/wp-content\/uploads\/2025\/11\/WhatsApp-Image-2025-11-06-at-15.17.13-1-819x1024.jpeg\" alt=\"\" class=\"wp-image-11806\" srcset=\"https:\/\/www.siemaco-grs.com.br\/wp\/wp-content\/uploads\/2025\/11\/WhatsApp-Image-2025-11-06-at-15.17.13-1-819x1024.jpeg 819w, https:\/\/www.siemaco-grs.com.br\/wp\/wp-content\/uploads\/2025\/11\/WhatsApp-Image-2025-11-06-at-15.17.13-1-240x300.jpeg 240w, https:\/\/www.siemaco-grs.com.br\/wp\/wp-content\/uploads\/2025\/11\/WhatsApp-Image-2025-11-06-at-15.17.13-1-768x960.jpeg 768w, https:\/\/www.siemaco-grs.com.br\/wp\/wp-content\/uploads\/2025\/11\/WhatsApp-Image-2025-11-06-at-15.17.13-1-585x731.jpeg 585w, https:\/\/www.siemaco-grs.com.br\/wp\/wp-content\/uploads\/2025\/11\/WhatsApp-Image-2025-11-06-at-15.17.13-1.jpeg 1080w\" sizes=\"(max-width: 819px) 100vw, 819px\" \/><\/figure>\n\n\n\n<figure class=\"wp-block-image size-large\"><img decoding=\"async\" width=\"819\" height=\"1024\" data-id=\"11805\" src=\"https:\/\/www.siemaco-grs.com.br\/wp\/wp-content\/uploads\/2025\/11\/WhatsApp-Image-2025-11-06-at-15.17.13-819x1024.jpeg\" alt=\"\" class=\"wp-image-11805\" srcset=\"https:\/\/www.siemaco-grs.com.br\/wp\/wp-content\/uploads\/2025\/11\/WhatsApp-Image-2025-11-06-at-15.17.13-819x1024.jpeg 819w, https:\/\/www.siemaco-grs.com.br\/wp\/wp-content\/uploads\/2025\/11\/WhatsApp-Image-2025-11-06-at-15.17.13-240x300.jpeg 240w, https:\/\/www.siemaco-grs.com.br\/wp\/wp-content\/uploads\/2025\/11\/WhatsApp-Image-2025-11-06-at-15.17.13-768x960.jpeg 768w, https:\/\/www.siemaco-grs.com.br\/wp\/wp-content\/uploads\/2025\/11\/WhatsApp-Image-2025-11-06-at-15.17.13-585x731.jpeg 585w, https:\/\/www.siemaco-grs.com.br\/wp\/wp-content\/uploads\/2025\/11\/WhatsApp-Image-2025-11-06-at-15.17.13.jpeg 1080w\" sizes=\"(max-width: 819px) 100vw, 819px\" \/><\/figure>\n<\/figure>\n","protected":false},"excerpt":{"rendered":"<p>Durante a 37\u00aa Reuni\u00e3o Plen\u00e1ria da UGT, foi lan\u00e7ada a nova edi\u00e7\u00e3o da revista \u201cTrabalho &amp; Meio Ambiente\u201d, que ser\u00e1 apresentada na COP30 como&hellip;<\/p>\n","protected":false},"author":36,"featured_media":11804,"comment_status":"closed","ping_status":"closed","sticky":false,"template":"","format":"standard","meta":{"footnotes":""},"categories":[3],"tags":[],"class_list":["post-11803","post","type-post","status-publish","format-standard","has-post-thumbnail","hentry","category-noticias-siemaco"],"blog_post_layout_featured_media_urls":{"thumbnail":["https:\/\/www.siemaco-grs.com.br\/wp\/wp-content\/uploads\/2025\/11\/WhatsApp-Image-2025-11-06-at-15.17.12-150x150.jpeg",150,150,true],"full":["https:\/\/www.siemaco-grs.com.br\/wp\/wp-content\/uploads\/2025\/11\/WhatsApp-Image-2025-11-06-at-15.17.12.jpeg",1080,1350,false]},"categories_names":{"3":{"name":"Not\u00edcias Siemaco","link":"https:\/\/www.siemaco-grs.com.br\/wp\/category\/noticias-siemaco\/"}},"tags_names":[],"comments_number":"0","wpmagazine_modules_lite_featured_media_urls":{"thumbnail":["https:\/\/www.siemaco-grs.com.br\/wp\/wp-content\/uploads\/2025\/11\/WhatsApp-Image-2025-11-06-at-15.17.12-150x150.jpeg",150,150,true],"cvmm-medium":["https:\/\/www.siemaco-grs.com.br\/wp\/wp-content\/uploads\/2025\/11\/WhatsApp-Image-2025-11-06-at-15.17.12-300x300.jpeg",300,300,true],"cvmm-medium-plus":["https:\/\/www.siemaco-grs.com.br\/wp\/wp-content\/uploads\/2025\/11\/WhatsApp-Image-2025-11-06-at-15.17.12-305x207.jpeg",305,207,true],"cvmm-portrait":["https:\/\/www.siemaco-grs.com.br\/wp\/wp-content\/uploads\/2025\/11\/WhatsApp-Image-2025-11-06-at-15.17.12-400x600.jpeg",400,600,true],"cvmm-medium-square":["https:\/\/www.siemaco-grs.com.br\/wp\/wp-content\/uploads\/2025\/11\/WhatsApp-Image-2025-11-06-at-15.17.12-600x600.jpeg",600,600,true],"cvmm-large":["https:\/\/www.siemaco-grs.com.br\/wp\/wp-content\/uploads\/2025\/11\/WhatsApp-Image-2025-11-06-at-15.17.12-1024x1024.jpeg",1024,1024,true],"cvmm-small":["https:\/\/www.siemaco-grs.com.br\/wp\/wp-content\/uploads\/2025\/11\/WhatsApp-Image-2025-11-06-at-15.17.12-130x95.jpeg",130,95,true],"full":["https:\/\/www.siemaco-grs.com.br\/wp\/wp-content\/uploads\/2025\/11\/WhatsApp-Image-2025-11-06-at-15.17.12.jpeg",1080,1350,false]},"_links":{"self":[{"href":"https:\/\/www.siemaco-grs.com.br\/wp\/wp-json\/wp\/v2\/posts\/11803","targetHints":{"allow":["GET"]}}],"collection":[{"href":"https:\/\/www.siemaco-grs.com.br\/wp\/wp-json\/wp\/v2\/posts"}],"about":[{"href":"https:\/\/www.siemaco-grs.com.br\/wp\/wp-json\/wp\/v2\/types\/post"}],"author":[{"embeddable":true,"href":"https:\/\/www.siemaco-grs.com.br\/wp\/wp-json\/wp\/v2\/users\/36"}],"replies":[{"embeddable":true,"href":"https:\/\/www.siemaco-grs.com.br\/wp\/wp-json\/wp\/v2\/comments?post=11803"}],"version-history":[{"count":1,"href":"https:\/\/www.siemaco-grs.com.br\/wp\/wp-json\/wp\/v2\/posts\/11803\/revisions"}],"predecessor-version":[{"id":11807,"href":"https:\/\/www.siemaco-grs.com.br\/wp\/wp-json\/wp\/v2\/posts\/11803\/revisions\/11807"}],"wp:featuredmedia":[{"embeddable":true,"href":"https:\/\/www.siemaco-grs.com.br\/wp\/wp-json\/wp\/v2\/media\/11804"}],"wp:attachment":[{"href":"https:\/\/www.siemaco-grs.com.br\/wp\/wp-json\/wp\/v2\/media?parent=11803"}],"wp:term":[{"taxonomy":"category","embeddable":true,"href":"https:\/\/www.siemaco-grs.com.br\/wp\/wp-json\/wp\/v2\/categories?post=11803"},{"taxonomy":"post_tag","embeddable":true,"href":"https:\/\/www.siemaco-grs.com.br\/wp\/wp-json\/wp\/v2\/tags?post=11803"}],"curies":[{"name":"wp","href":"https:\/\/api.w.org\/{rel}","templated":true}]}}