{"id":11799,"date":"2025-11-06T15:18:40","date_gmt":"2025-11-06T18:18:40","guid":{"rendered":"https:\/\/www.siemaco-grs.com.br\/wp\/?p=11799"},"modified":"2025-11-06T15:18:42","modified_gmt":"2025-11-06T18:18:42","slug":"encontro-entre-sindicato-comissao-de-empresa-busca-melhorias-nas-condicoes-de-trabalho-da-m-construcoes","status":"publish","type":"post","link":"https:\/\/www.siemaco-grs.com.br\/wp\/2025\/11\/06\/encontro-entre-sindicato-comissao-de-empresa-busca-melhorias-nas-condicoes-de-trabalho-da-m-construcoes\/","title":{"rendered":"ENCONTRO ENTRE SINDICATO, COMISS\u00c3O DE EMPRESA BUSCA MELHORIAS NAS CONDI\u00c7\u00d5ES DE TRABALHO DA M CONSTRU\u00c7\u00d5ES"},"content":{"rendered":"\n<p>Nesta semana, representantes do sindicato, da comiss\u00e3o de trabalhadores e da empresa estiveram reunidos na M Constru\u00e7\u00f5es, para discutir demandas importantes da categoria. A reuni\u00e3o contou com a participa\u00e7\u00e3o do assessor sindical Tid\u00e3o, Jorge e Lagoa, que refor\u00e7aram os pedidos da base por condi\u00e7\u00f5es mais adequadas de trabalho, conforme estabelece a legisla\u00e7\u00e3o vigente e o acordo coletivo.<\/p>\n\n\n\n<p>Entre as pautas apresentadas, a estrutura dos banheiros foi um dos pontos centrais. A reivindica\u00e7\u00e3o \u00e9 que sejam feitas melhorias conforme orienta a NR 24, garantindo higiene, acessibilidade e conforto a todos os trabalhadores.<\/p>\n\n\n\n<p>Tamb\u00e9m foi solicitada a presen\u00e7a de um representante do conv\u00eanio m\u00e9dico para dar mais agilidade nas marca\u00e7\u00f5es de consultas e exames, al\u00e9m da entrega de 4 uniformes completos no ato da contrata\u00e7\u00e3o, como prev\u00ea o acordo coletivo em vigor.<\/p>\n\n\n\n<p>Outras demandas levadas incluem:<\/p>\n\n\n\n<p>\u2022 Contrata\u00e7\u00e3o de novos funcion\u00e1rios para ampliar o quadro e evitar sobrecarga.<\/p>\n\n\n\n<p>\u2022 Cria\u00e7\u00e3o de uma \u00e1rea de descanso para os trabalhadores que ficam na reserva ou aguardando o in\u00edcio das atividades.<\/p>\n\n\n\n<p>\u2022 Mais um t\u00e9cnico de seguran\u00e7a no per\u00edodo das 14h \u00e0s 17h30, garantindo cobertura integral e preventiva.<\/p>\n\n\n\n<p>\u2022 Respeito ao prazo de regulariza\u00e7\u00e3o dos contratos de trabalhadores intermitentes, conforme definido na cl\u00e1usula trig\u00e9sima do Acordo Coletivo.<\/p>\n\n\n\n<p>\u2022 Cumprimento da cl\u00e1usula trig\u00e9sima s\u00e9tima, que exige a presen\u00e7a de assistente social em locais com mais de 200 funcion\u00e1rios.<\/p>\n\n\n\n<p>\u2022 Mudan\u00e7a nos hor\u00e1rios de troca de EPIs, buscando mais organiza\u00e7\u00e3o e tempo adequado.<\/p>\n\n\n\n<p>\u2022 Congelamento das f\u00e9rias no m\u00eas de dezembro, para evitar falta de coletores durante o per\u00edodo de alta demanda.<\/p>\n\n\n\n<p>\u2022 E a realiza\u00e7\u00e3o de reuni\u00f5es mensais da CIPA, fortalecendo a atua\u00e7\u00e3o da comiss\u00e3o interna na preven\u00e7\u00e3o de acidentes.<\/p>\n\n\n\n<p>Esses encaminhamentos demonstram a import\u00e2ncia da escuta constante e da atua\u00e7\u00e3o sindical presente, ao lado da comiss\u00e3o, para garantir que as condi\u00e7\u00f5es de trabalho estejam \u00e0 altura do esfor\u00e7o di\u00e1rio de quem mant\u00e9m os servi\u00e7os essenciais da cidade funcionando.<\/p>\n\n\n\n<p>Seguimos acompanhando os desdobramentos e cobrando os compromissos assumidos. A luta \u00e9 por dignidade, respeito e melhorias reais no ambiente de trabalho.<\/p>\n\n\n\n<figure class=\"wp-block-gallery has-nested-images columns-default is-cropped wp-block-gallery-1 is-layout-flex wp-block-gallery-is-layout-flex\">\n<figure class=\"wp-block-image size-large\"><img decoding=\"async\" width=\"819\" height=\"1024\" data-id=\"11801\" src=\"https:\/\/www.siemaco-grs.com.br\/wp\/wp-content\/uploads\/2025\/11\/2-1-819x1024.png\" alt=\"\" class=\"wp-image-11801\" srcset=\"https:\/\/www.siemaco-grs.com.br\/wp\/wp-content\/uploads\/2025\/11\/2-1-819x1024.png 819w, https:\/\/www.siemaco-grs.com.br\/wp\/wp-content\/uploads\/2025\/11\/2-1-240x300.png 240w, https:\/\/www.siemaco-grs.com.br\/wp\/wp-content\/uploads\/2025\/11\/2-1-768x960.png 768w, https:\/\/www.siemaco-grs.com.br\/wp\/wp-content\/uploads\/2025\/11\/2-1-585x731.png 585w, https:\/\/www.siemaco-grs.com.br\/wp\/wp-content\/uploads\/2025\/11\/2-1.png 1080w\" sizes=\"(max-width: 819px) 100vw, 819px\" \/><\/figure>\n<\/figure>\n","protected":false},"excerpt":{"rendered":"<p>Nesta semana, representantes do sindicato, da comiss\u00e3o de trabalhadores e da empresa estiveram reunidos na M Constru\u00e7\u00f5es, para discutir demandas importantes da categoria. A&hellip;<\/p>\n","protected":false},"author":36,"featured_media":11800,"comment_status":"closed","ping_status":"closed","sticky":false,"template":"","format":"standard","meta":{"footnotes":""},"categories":[3],"tags":[],"class_list":["post-11799","post","type-post","status-publish","format-standard","has-post-thumbnail","hentry","category-noticias-siemaco"],"blog_post_layout_featured_media_urls":{"thumbnail":["https:\/\/www.siemaco-grs.com.br\/wp\/wp-content\/uploads\/2025\/11\/1-3-150x150.png",150,150,true],"full":["https:\/\/www.siemaco-grs.com.br\/wp\/wp-content\/uploads\/2025\/11\/1-3.png",1080,1350,false]},"categories_names":{"3":{"name":"Not\u00edcias Siemaco","link":"https:\/\/www.siemaco-grs.com.br\/wp\/category\/noticias-siemaco\/"}},"tags_names":[],"comments_number":"0","wpmagazine_modules_lite_featured_media_urls":{"thumbnail":["https:\/\/www.siemaco-grs.com.br\/wp\/wp-content\/uploads\/2025\/11\/1-3-150x150.png",150,150,true],"cvmm-medium":["https:\/\/www.siemaco-grs.com.br\/wp\/wp-content\/uploads\/2025\/11\/1-3-300x300.png",300,300,true],"cvmm-medium-plus":["https:\/\/www.siemaco-grs.com.br\/wp\/wp-content\/uploads\/2025\/11\/1-3-305x207.png",305,207,true],"cvmm-portrait":["https:\/\/www.siemaco-grs.com.br\/wp\/wp-content\/uploads\/2025\/11\/1-3-400x600.png",400,600,true],"cvmm-medium-square":["https:\/\/www.siemaco-grs.com.br\/wp\/wp-content\/uploads\/2025\/11\/1-3-600x600.png",600,600,true],"cvmm-large":["https:\/\/www.siemaco-grs.com.br\/wp\/wp-content\/uploads\/2025\/11\/1-3-1024x1024.png",1024,1024,true],"cvmm-small":["https:\/\/www.siemaco-grs.com.br\/wp\/wp-content\/uploads\/2025\/11\/1-3-130x95.png",130,95,true],"full":["https:\/\/www.siemaco-grs.com.br\/wp\/wp-content\/uploads\/2025\/11\/1-3.png",1080,1350,false]},"_links":{"self":[{"href":"https:\/\/www.siemaco-grs.com.br\/wp\/wp-json\/wp\/v2\/posts\/11799","targetHints":{"allow":["GET"]}}],"collection":[{"href":"https:\/\/www.siemaco-grs.com.br\/wp\/wp-json\/wp\/v2\/posts"}],"about":[{"href":"https:\/\/www.siemaco-grs.com.br\/wp\/wp-json\/wp\/v2\/types\/post"}],"author":[{"embeddable":true,"href":"https:\/\/www.siemaco-grs.com.br\/wp\/wp-json\/wp\/v2\/users\/36"}],"replies":[{"embeddable":true,"href":"https:\/\/www.siemaco-grs.com.br\/wp\/wp-json\/wp\/v2\/comments?post=11799"}],"version-history":[{"count":1,"href":"https:\/\/www.siemaco-grs.com.br\/wp\/wp-json\/wp\/v2\/posts\/11799\/revisions"}],"predecessor-version":[{"id":11802,"href":"https:\/\/www.siemaco-grs.com.br\/wp\/wp-json\/wp\/v2\/posts\/11799\/revisions\/11802"}],"wp:featuredmedia":[{"embeddable":true,"href":"https:\/\/www.siemaco-grs.com.br\/wp\/wp-json\/wp\/v2\/media\/11800"}],"wp:attachment":[{"href":"https:\/\/www.siemaco-grs.com.br\/wp\/wp-json\/wp\/v2\/media?parent=11799"}],"wp:term":[{"taxonomy":"category","embeddable":true,"href":"https:\/\/www.siemaco-grs.com.br\/wp\/wp-json\/wp\/v2\/categories?post=11799"},{"taxonomy":"post_tag","embeddable":true,"href":"https:\/\/www.siemaco-grs.com.br\/wp\/wp-json\/wp\/v2\/tags?post=11799"}],"curies":[{"name":"wp","href":"https:\/\/api.w.org\/{rel}","templated":true}]}}