{"id":11696,"date":"2025-10-30T09:21:50","date_gmt":"2025-10-30T12:21:50","guid":{"rendered":"https:\/\/www.siemaco-grs.com.br\/wp\/?p=11696"},"modified":"2025-10-30T09:21:52","modified_gmt":"2025-10-30T12:21:52","slug":"participacao-na-reuniao-do-conselho-gestor-do-cerest","status":"publish","type":"post","link":"https:\/\/www.siemaco-grs.com.br\/wp\/2025\/10\/30\/participacao-na-reuniao-do-conselho-gestor-do-cerest\/","title":{"rendered":"PARTICIPA\u00c7\u00c3O NA REUNI\u00c3O DO CONSELHO GESTOR DO CEREST"},"content":{"rendered":"\n<p>Renato Oliveira participou da reuni\u00e3o do Conselho Gestor do Cerest \u2013 Centro de Refer\u00eancia em Sa\u00fade do Trabalhador , que reuniu membros de diferentes entidades para debater pautas relevantes ligadas \u00e0 sa\u00fade e seguran\u00e7a no ambiente laboral.<\/p>\n\n\n\n<p>Entre os assuntos discutidos, estiveram as atualiza\u00e7\u00f5es sobre o processo eleitoral do pr\u00f3prio conselho, ponto essencial para garantir a continuidade da representatividade dos trabalhadores e trabalhadoras nas decis\u00f5es que impactam diretamente suas condi\u00e7\u00f5es de trabalho e atendimento no SUS.<br>Outro ponto importante foi o estudo sobre a possibilidade de abertura da Comunica\u00e7\u00e3o de Acidente de Trabalho (CAT) pelo pr\u00f3prio Cerest, medida que pode facilitar o acesso aos direitos de quem sofre algum tipo de acidente ou adoecimento relacionado ao trabalho. Essa proposta busca ampliar o alcance da assist\u00eancia e dar maior agilidade ao processo de registro e acompanhamento.<\/p>\n\n\n\n<p>Tamb\u00e9m foi debatida a dificuldade enfrentada com rela\u00e7\u00e3o \u00e0 aceita\u00e7\u00e3o das CATs por parte de peritos do INSS, o que tem gerado inseguran\u00e7a e obst\u00e1culos para que muitos trabalhadores tenham seu direito reconhecido. O grupo discutiu estrat\u00e9gias para enfrentar essa situa\u00e7\u00e3o, refor\u00e7ando a import\u00e2ncia do Cerest como espa\u00e7o de apoio t\u00e9cnico e pol\u00edtico nesse tema.<\/p>\n\n\n\n<p>Por fim, houve esclarecimentos sobre o uso e acesso \u00e0s informa\u00e7\u00f5es por meio do sistema DataSUS, refor\u00e7ando a import\u00e2ncia dos dados oficiais para a an\u00e1lise da sa\u00fade do trabalhador e para a formula\u00e7\u00e3o de pol\u00edticas p\u00fablicas mais eficazes e ajustadas \u00e0 realidade local.<\/p>\n\n\n\n<p>A presen\u00e7a nas discuss\u00f5es do Cerest representa o compromisso de seguir acompanhando de perto tudo que envolve a sa\u00fade de quem trabalha. A defesa de ambientes mais seguros passa tamb\u00e9m pela atua\u00e7\u00e3o direta nesses espa\u00e7os de constru\u00e7\u00e3o coletiva e t\u00e9cnica, onde se escuta, prop\u00f5e e cobra solu\u00e7\u00f5es concretas.<\/p>\n\n\n\n<p>O debate continua. E seguimos juntos, atentos aos caminhos que impactam a vida de quem sustenta a cidade com o pr\u00f3prio esfor\u00e7o todos os dias.<\/p>\n","protected":false},"excerpt":{"rendered":"<p>Renato Oliveira participou da reuni\u00e3o do Conselho Gestor do Cerest \u2013 Centro de Refer\u00eancia em Sa\u00fade do Trabalhador , que reuniu membros de diferentes&hellip;<\/p>\n","protected":false},"author":36,"featured_media":11697,"comment_status":"closed","ping_status":"closed","sticky":false,"template":"","format":"standard","meta":{"footnotes":""},"categories":[3],"tags":[],"class_list":["post-11696","post","type-post","status-publish","format-standard","has-post-thumbnail","hentry","category-noticias-siemaco"],"blog_post_layout_featured_media_urls":{"thumbnail":["https:\/\/www.siemaco-grs.com.br\/wp\/wp-content\/uploads\/2025\/10\/Capas-Site-1-1-1-150x150.png",150,150,true],"full":["https:\/\/www.siemaco-grs.com.br\/wp\/wp-content\/uploads\/2025\/10\/Capas-Site-1-1-1.png",1080,1350,false]},"categories_names":{"3":{"name":"Not\u00edcias Siemaco","link":"https:\/\/www.siemaco-grs.com.br\/wp\/category\/noticias-siemaco\/"}},"tags_names":[],"comments_number":"0","wpmagazine_modules_lite_featured_media_urls":{"thumbnail":["https:\/\/www.siemaco-grs.com.br\/wp\/wp-content\/uploads\/2025\/10\/Capas-Site-1-1-1-150x150.png",150,150,true],"cvmm-medium":["https:\/\/www.siemaco-grs.com.br\/wp\/wp-content\/uploads\/2025\/10\/Capas-Site-1-1-1-300x300.png",300,300,true],"cvmm-medium-plus":["https:\/\/www.siemaco-grs.com.br\/wp\/wp-content\/uploads\/2025\/10\/Capas-Site-1-1-1-305x207.png",305,207,true],"cvmm-portrait":["https:\/\/www.siemaco-grs.com.br\/wp\/wp-content\/uploads\/2025\/10\/Capas-Site-1-1-1-400x600.png",400,600,true],"cvmm-medium-square":["https:\/\/www.siemaco-grs.com.br\/wp\/wp-content\/uploads\/2025\/10\/Capas-Site-1-1-1-600x600.png",600,600,true],"cvmm-large":["https:\/\/www.siemaco-grs.com.br\/wp\/wp-content\/uploads\/2025\/10\/Capas-Site-1-1-1-1024x1024.png",1024,1024,true],"cvmm-small":["https:\/\/www.siemaco-grs.com.br\/wp\/wp-content\/uploads\/2025\/10\/Capas-Site-1-1-1-130x95.png",130,95,true],"full":["https:\/\/www.siemaco-grs.com.br\/wp\/wp-content\/uploads\/2025\/10\/Capas-Site-1-1-1.png",1080,1350,false]},"_links":{"self":[{"href":"https:\/\/www.siemaco-grs.com.br\/wp\/wp-json\/wp\/v2\/posts\/11696","targetHints":{"allow":["GET"]}}],"collection":[{"href":"https:\/\/www.siemaco-grs.com.br\/wp\/wp-json\/wp\/v2\/posts"}],"about":[{"href":"https:\/\/www.siemaco-grs.com.br\/wp\/wp-json\/wp\/v2\/types\/post"}],"author":[{"embeddable":true,"href":"https:\/\/www.siemaco-grs.com.br\/wp\/wp-json\/wp\/v2\/users\/36"}],"replies":[{"embeddable":true,"href":"https:\/\/www.siemaco-grs.com.br\/wp\/wp-json\/wp\/v2\/comments?post=11696"}],"version-history":[{"count":1,"href":"https:\/\/www.siemaco-grs.com.br\/wp\/wp-json\/wp\/v2\/posts\/11696\/revisions"}],"predecessor-version":[{"id":11698,"href":"https:\/\/www.siemaco-grs.com.br\/wp\/wp-json\/wp\/v2\/posts\/11696\/revisions\/11698"}],"wp:featuredmedia":[{"embeddable":true,"href":"https:\/\/www.siemaco-grs.com.br\/wp\/wp-json\/wp\/v2\/media\/11697"}],"wp:attachment":[{"href":"https:\/\/www.siemaco-grs.com.br\/wp\/wp-json\/wp\/v2\/media?parent=11696"}],"wp:term":[{"taxonomy":"category","embeddable":true,"href":"https:\/\/www.siemaco-grs.com.br\/wp\/wp-json\/wp\/v2\/categories?post=11696"},{"taxonomy":"post_tag","embeddable":true,"href":"https:\/\/www.siemaco-grs.com.br\/wp\/wp-json\/wp\/v2\/tags?post=11696"}],"curies":[{"name":"wp","href":"https:\/\/api.w.org\/{rel}","templated":true}]}}