{"id":11099,"date":"2025-09-06T10:16:00","date_gmt":"2025-09-06T13:16:00","guid":{"rendered":"https:\/\/www.siemaco-grs.com.br\/wp\/?p=11099"},"modified":"2025-09-01T10:53:03","modified_gmt":"2025-09-01T13:53:03","slug":"06-de-setembro-dia-internacional-da-acao-pela-igualdade-salarial-da-mulher","status":"publish","type":"post","link":"https:\/\/www.siemaco-grs.com.br\/wp\/2025\/09\/06\/06-de-setembro-dia-internacional-da-acao-pela-igualdade-salarial-da-mulher\/","title":{"rendered":"06 DE SETEMBRO &#8211; DIA INTERNACIONAL DA A\u00c7\u00c3O PELA IGUALDADE SALARIAL DA MULHER"},"content":{"rendered":"\n<p>Hoje \u00e9 dia de lembrar o que nunca pode ser esquecido: a igualdade entre mulheres e homens no mundo do trabalho ainda est\u00e1 longe de ser realidade. Essa data internacional refor\u00e7a algo que vemos todos os dias na nossa base:<\/p>\n\n\n\n<p>Mulheres ganhando menos para fazer o mesmo servi\u00e7o.<br>Mulheres enfrentando jornadas duplas e at\u00e9 triplas.<br>Mulheres que cuidam de tudo da casa, dos filhos e ainda est\u00e3o na linha de frente do trabalho sem o devido reconhecimento.<\/p>\n\n\n\n<p>No setor de asseio e conserva\u00e7\u00e3o, isso \u00e9 ainda mais evidente. E n\u00e3o d\u00e1 pra aceitar. Atualmente lutamos diariamente com firmeza na defesa das trabalhadoras. Garantindo condi\u00e7\u00f5es de trabalho mais seguras. Acompanhando de perto den\u00fancias e situa\u00e7\u00f5es de desrespeito.<\/p>\n\n\n\n<p>Seguimos dialogando nas negocia\u00e7\u00f5es para ampliar conquistas da categoria. Sabemos que s\u00f3 com mobiliza\u00e7\u00e3o e presen\u00e7a a realidade muda de verdade, mudar \u00e9 urgente.<\/p>\n\n\n\n<p>A desigualdade de g\u00eanero n\u00e3o \u00e9 um problema individual. \u00c9 uma quest\u00e3o coletiva que precisa ser enfrentada com seriedade, uni\u00e3o e coragem.<\/p>\n\n\n\n<p>Nesse caminho, a Secretaria da Mulher do Siemaco Guarulhos tem papel essencial. \u00c9 um espa\u00e7o de escuta ativa, acolhimento e a\u00e7\u00e3o, onde cada trabalhadora encontra apoio, informa\u00e7\u00e3o e caminhos para fazer sua voz ser ouvida.<br>Porque igualdade n\u00e3o se pede. Se exige.<\/p>\n\n\n\n<p>Com uni\u00e3o, com press\u00e3o e com a\u00e7\u00e3o direta nos locais de trabalho.<\/p>\n","protected":false},"excerpt":{"rendered":"<p>Hoje \u00e9 dia de lembrar o que nunca pode ser esquecido: a igualdade entre mulheres e homens no mundo do trabalho ainda est\u00e1 longe&hellip;<\/p>\n","protected":false},"author":36,"featured_media":11100,"comment_status":"closed","ping_status":"closed","sticky":false,"template":"","format":"standard","meta":{"footnotes":""},"categories":[3],"tags":[],"class_list":["post-11099","post","type-post","status-publish","format-standard","has-post-thumbnail","hentry","category-noticias-siemaco"],"blog_post_layout_featured_media_urls":{"thumbnail":["https:\/\/www.siemaco-grs.com.br\/wp\/wp-content\/uploads\/2025\/09\/WhatsApp-Image-2025-08-22-at-16.58.38-150x150.jpeg",150,150,true],"full":["https:\/\/www.siemaco-grs.com.br\/wp\/wp-content\/uploads\/2025\/09\/WhatsApp-Image-2025-08-22-at-16.58.38.jpeg",1080,1350,false]},"categories_names":{"3":{"name":"Not\u00edcias Siemaco","link":"https:\/\/www.siemaco-grs.com.br\/wp\/category\/noticias-siemaco\/"}},"tags_names":[],"comments_number":"0","wpmagazine_modules_lite_featured_media_urls":{"thumbnail":["https:\/\/www.siemaco-grs.com.br\/wp\/wp-content\/uploads\/2025\/09\/WhatsApp-Image-2025-08-22-at-16.58.38-150x150.jpeg",150,150,true],"cvmm-medium":["https:\/\/www.siemaco-grs.com.br\/wp\/wp-content\/uploads\/2025\/09\/WhatsApp-Image-2025-08-22-at-16.58.38-300x300.jpeg",300,300,true],"cvmm-medium-plus":["https:\/\/www.siemaco-grs.com.br\/wp\/wp-content\/uploads\/2025\/09\/WhatsApp-Image-2025-08-22-at-16.58.38-305x207.jpeg",305,207,true],"cvmm-portrait":["https:\/\/www.siemaco-grs.com.br\/wp\/wp-content\/uploads\/2025\/09\/WhatsApp-Image-2025-08-22-at-16.58.38-400x600.jpeg",400,600,true],"cvmm-medium-square":["https:\/\/www.siemaco-grs.com.br\/wp\/wp-content\/uploads\/2025\/09\/WhatsApp-Image-2025-08-22-at-16.58.38-600x600.jpeg",600,600,true],"cvmm-large":["https:\/\/www.siemaco-grs.com.br\/wp\/wp-content\/uploads\/2025\/09\/WhatsApp-Image-2025-08-22-at-16.58.38-1024x1024.jpeg",1024,1024,true],"cvmm-small":["https:\/\/www.siemaco-grs.com.br\/wp\/wp-content\/uploads\/2025\/09\/WhatsApp-Image-2025-08-22-at-16.58.38-130x95.jpeg",130,95,true],"full":["https:\/\/www.siemaco-grs.com.br\/wp\/wp-content\/uploads\/2025\/09\/WhatsApp-Image-2025-08-22-at-16.58.38.jpeg",1080,1350,false]},"_links":{"self":[{"href":"https:\/\/www.siemaco-grs.com.br\/wp\/wp-json\/wp\/v2\/posts\/11099","targetHints":{"allow":["GET"]}}],"collection":[{"href":"https:\/\/www.siemaco-grs.com.br\/wp\/wp-json\/wp\/v2\/posts"}],"about":[{"href":"https:\/\/www.siemaco-grs.com.br\/wp\/wp-json\/wp\/v2\/types\/post"}],"author":[{"embeddable":true,"href":"https:\/\/www.siemaco-grs.com.br\/wp\/wp-json\/wp\/v2\/users\/36"}],"replies":[{"embeddable":true,"href":"https:\/\/www.siemaco-grs.com.br\/wp\/wp-json\/wp\/v2\/comments?post=11099"}],"version-history":[{"count":1,"href":"https:\/\/www.siemaco-grs.com.br\/wp\/wp-json\/wp\/v2\/posts\/11099\/revisions"}],"predecessor-version":[{"id":11101,"href":"https:\/\/www.siemaco-grs.com.br\/wp\/wp-json\/wp\/v2\/posts\/11099\/revisions\/11101"}],"wp:featuredmedia":[{"embeddable":true,"href":"https:\/\/www.siemaco-grs.com.br\/wp\/wp-json\/wp\/v2\/media\/11100"}],"wp:attachment":[{"href":"https:\/\/www.siemaco-grs.com.br\/wp\/wp-json\/wp\/v2\/media?parent=11099"}],"wp:term":[{"taxonomy":"category","embeddable":true,"href":"https:\/\/www.siemaco-grs.com.br\/wp\/wp-json\/wp\/v2\/categories?post=11099"},{"taxonomy":"post_tag","embeddable":true,"href":"https:\/\/www.siemaco-grs.com.br\/wp\/wp-json\/wp\/v2\/tags?post=11099"}],"curies":[{"name":"wp","href":"https:\/\/api.w.org\/{rel}","templated":true}]}}