{"id":10442,"date":"2025-06-18T09:01:49","date_gmt":"2025-06-18T12:01:49","guid":{"rendered":"https:\/\/www.siemaco-grs.com.br\/wp\/?p=10442"},"modified":"2025-06-18T09:01:52","modified_gmt":"2025-06-18T12:01:52","slug":"assedio-no-trabalho-cresce-o-numero-de-acoes-na-justica-e-alerta-para-o-problema-em-todas-as-categorias","status":"publish","type":"post","link":"https:\/\/www.siemaco-grs.com.br\/wp\/2025\/06\/18\/assedio-no-trabalho-cresce-o-numero-de-acoes-na-justica-e-alerta-para-o-problema-em-todas-as-categorias\/","title":{"rendered":"ASS\u00c9DIO NO TRABALHO: CRESCE O N\u00daMERO DE A\u00c7\u00d5ES NA JUSTI\u00c7A E ALERTA PARA O PROBLEMA EM TODAS AS CATEGORIAS"},"content":{"rendered":"\n<p>Dados recentes do Tribunal Superior do Trabalho (TST) revelam um aumento preocupante nas den\u00fancias de ass\u00e9dio moral no ambiente profissional. Entre 2023 e 2024, o n\u00famero de a\u00e7\u00f5es cresceu 28%, passando de 91 mil para quase 117 mil processos. Em apenas cinco anos, mais de 450 mil casos foram julgados pela Justi\u00e7a do Trabalho.<\/p>\n\n\n\n<p>Esse cen\u00e1rio se agrava ainda mais com o crescimento no n\u00famero de afastamentos relacionados \u00e0 sa\u00fade mental. O aux\u00edlio-doen\u00e7a por transtornos de ansiedade cresceu 76% no mesmo per\u00edodo, tornando-se a principal causa de afastamento. As mulheres, especialmente, seguem sendo as mais atingidas: s\u00f3 em 2024, foram registradas cerca de 1.500 den\u00fancias de ass\u00e9dio sexual, de acordo com o Minist\u00e9rio P\u00fablico do Trabalho (MPT).<\/p>\n\n\n\n<p>Transtornos emocionais, crises de ansiedade, queda na produtividade e afastamentos prolongados s\u00e3o apenas algumas das consequ\u00eancias geradas por ambientes onde a press\u00e3o abusiva, a viol\u00eancia verbal ou condutas inadequadas s\u00e3o toleradas. A omiss\u00e3o diante desses casos impacta n\u00e3o apenas a sa\u00fade de quem sofre, mas a din\u00e2mica e o clima em toda a equipe.<\/p>\n\n\n\n<p>Para enfrentar essa realidade, medidas educativas, canais de den\u00fancia eficazes e o compromisso das empresas s\u00e3o fundamentais. O Minist\u00e9rio do Trabalho e Emprego (MTE) tem intensificado a fiscaliza\u00e7\u00e3o, mas ainda \u00e9 preciso avan\u00e7ar na responsabiliza\u00e7\u00e3o de pr\u00e1ticas abusivas e na constru\u00e7\u00e3o de espa\u00e7os seguros e respeitosos para todos os trabalhadores.<\/p>\n\n\n\n<p>No setor de asseio, conserva\u00e7\u00e3o e servi\u00e7os de apoio \u2014 onde atuam os profissionais representados pelo Siemaco Guarulhos \u2014, essa pauta \u00e9 priorit\u00e1ria. Al\u00e9m das campanhas permanentes, realizamos a\u00e7\u00f5es diretas nos locais de trabalho, escutando relatos, orientando os trabalhadores e refor\u00e7ando que ningu\u00e9m precisa enfrentar situa\u00e7\u00f5es de abuso sozinho. Nosso setor jur\u00eddico est\u00e1 preparado para acolher den\u00fancias e tomar provid\u00eancias com seriedade e sigilo.<\/p>\n\n\n\n<p>Seguimos comprometidos com a escuta e com o apoio a quem sofre esse tipo de viol\u00eancia. Ass\u00e9dio \u00e9 uma viola\u00e7\u00e3o que n\u00e3o pode ser naturalizada. O combate \u00e9 coletivo e passa pelo fortalecimento da informa\u00e7\u00e3o, pela atua\u00e7\u00e3o firme do sindicato e pelo compromisso de todos em garantir um ambiente laboral seguro, saud\u00e1vel e respeitoso.<\/p>\n\n\n\n<p>Quem vive do trabalho merece respeito em todos os aspectos \u2014 inclusive no modo como \u00e9 tratado no dia a dia. E isso \u00e9 um direito.<\/p>\n","protected":false},"excerpt":{"rendered":"<p>Dados recentes do Tribunal Superior do Trabalho (TST) revelam um aumento preocupante nas den\u00fancias de ass\u00e9dio moral no ambiente profissional. Entre 2023 e 2024,&hellip;<\/p>\n","protected":false},"author":36,"featured_media":10443,"comment_status":"closed","ping_status":"closed","sticky":false,"template":"","format":"standard","meta":{"footnotes":""},"categories":[3],"tags":[],"class_list":["post-10442","post","type-post","status-publish","format-standard","has-post-thumbnail","hentry","category-noticias-siemaco"],"blog_post_layout_featured_media_urls":{"thumbnail":["https:\/\/www.siemaco-grs.com.br\/wp\/wp-content\/uploads\/2025\/06\/assedio-moral-advogado-trabalhista-uberlandia1493491415-150x150.jpg",150,150,true],"full":["https:\/\/www.siemaco-grs.com.br\/wp\/wp-content\/uploads\/2025\/06\/assedio-moral-advogado-trabalhista-uberlandia1493491415.jpg",770,400,false]},"categories_names":{"3":{"name":"Not\u00edcias Siemaco","link":"https:\/\/www.siemaco-grs.com.br\/wp\/category\/noticias-siemaco\/"}},"tags_names":[],"comments_number":"0","wpmagazine_modules_lite_featured_media_urls":{"thumbnail":["https:\/\/www.siemaco-grs.com.br\/wp\/wp-content\/uploads\/2025\/06\/assedio-moral-advogado-trabalhista-uberlandia1493491415-150x150.jpg",150,150,true],"cvmm-medium":["https:\/\/www.siemaco-grs.com.br\/wp\/wp-content\/uploads\/2025\/06\/assedio-moral-advogado-trabalhista-uberlandia1493491415-300x300.jpg",300,300,true],"cvmm-medium-plus":["https:\/\/www.siemaco-grs.com.br\/wp\/wp-content\/uploads\/2025\/06\/assedio-moral-advogado-trabalhista-uberlandia1493491415-305x207.jpg",305,207,true],"cvmm-portrait":["https:\/\/www.siemaco-grs.com.br\/wp\/wp-content\/uploads\/2025\/06\/assedio-moral-advogado-trabalhista-uberlandia1493491415-400x400.jpg",400,400,true],"cvmm-medium-square":["https:\/\/www.siemaco-grs.com.br\/wp\/wp-content\/uploads\/2025\/06\/assedio-moral-advogado-trabalhista-uberlandia1493491415-600x400.jpg",600,400,true],"cvmm-large":["https:\/\/www.siemaco-grs.com.br\/wp\/wp-content\/uploads\/2025\/06\/assedio-moral-advogado-trabalhista-uberlandia1493491415.jpg",770,400,false],"cvmm-small":["https:\/\/www.siemaco-grs.com.br\/wp\/wp-content\/uploads\/2025\/06\/assedio-moral-advogado-trabalhista-uberlandia1493491415-130x95.jpg",130,95,true],"full":["https:\/\/www.siemaco-grs.com.br\/wp\/wp-content\/uploads\/2025\/06\/assedio-moral-advogado-trabalhista-uberlandia1493491415.jpg",770,400,false]},"_links":{"self":[{"href":"https:\/\/www.siemaco-grs.com.br\/wp\/wp-json\/wp\/v2\/posts\/10442","targetHints":{"allow":["GET"]}}],"collection":[{"href":"https:\/\/www.siemaco-grs.com.br\/wp\/wp-json\/wp\/v2\/posts"}],"about":[{"href":"https:\/\/www.siemaco-grs.com.br\/wp\/wp-json\/wp\/v2\/types\/post"}],"author":[{"embeddable":true,"href":"https:\/\/www.siemaco-grs.com.br\/wp\/wp-json\/wp\/v2\/users\/36"}],"replies":[{"embeddable":true,"href":"https:\/\/www.siemaco-grs.com.br\/wp\/wp-json\/wp\/v2\/comments?post=10442"}],"version-history":[{"count":1,"href":"https:\/\/www.siemaco-grs.com.br\/wp\/wp-json\/wp\/v2\/posts\/10442\/revisions"}],"predecessor-version":[{"id":10444,"href":"https:\/\/www.siemaco-grs.com.br\/wp\/wp-json\/wp\/v2\/posts\/10442\/revisions\/10444"}],"wp:featuredmedia":[{"embeddable":true,"href":"https:\/\/www.siemaco-grs.com.br\/wp\/wp-json\/wp\/v2\/media\/10443"}],"wp:attachment":[{"href":"https:\/\/www.siemaco-grs.com.br\/wp\/wp-json\/wp\/v2\/media?parent=10442"}],"wp:term":[{"taxonomy":"category","embeddable":true,"href":"https:\/\/www.siemaco-grs.com.br\/wp\/wp-json\/wp\/v2\/categories?post=10442"},{"taxonomy":"post_tag","embeddable":true,"href":"https:\/\/www.siemaco-grs.com.br\/wp\/wp-json\/wp\/v2\/tags?post=10442"}],"curies":[{"name":"wp","href":"https:\/\/api.w.org\/{rel}","templated":true}]}}